{"id":1553,"date":"2025-04-18T18:02:51","date_gmt":"2025-04-18T16:02:51","guid":{"rendered":"https:\/\/fer-et-pierre.com\/blog\/?p=1553"},"modified":"2026-01-29T15:50:02","modified_gmt":"2026-01-29T14:50:02","slug":"pas-japonais-en-pierre-naturelle-inspiration-pose-facile-entretien-et-esthetique-zen","status":"publish","type":"post","link":"https:\/\/fer-et-pierre.com\/blog\/pas-japonais-en-pierre-naturelle-inspiration-pose-facile-entretien-et-esthetique-zen\/","title":{"rendered":"Pas Japonais en Pierre Naturelle : Inspiration, Pose facile, Entretien et Esth\u00e9tique Zen"},"content":{"rendered":"\t\t<div data-elementor-type=\"wp-post\" data-elementor-id=\"1553\" class=\"elementor elementor-1553\" data-elementor-post-type=\"post\">\n\t\t\t\t\t\t\t<div class=\"elementor-element elementor-element-4bdd33a e-flex e-con-boxed wpr-particle-no wpr-jarallax-no wpr-parallax-no wpr-sticky-section-no e-con\" data-id=\"4bdd33a\" data-element_type=\"container\" data-settings=\"{&quot;content_width&quot;:&quot;boxed&quot;}\">\n\t\t\t\t\t<div class=\"e-con-inner\">\n\t\t\t\t<div class=\"elementor-element elementor-element-bca1448 elementor-widget elementor-widget-image\" data-id=\"bca1448\" data-element_type=\"widget\" data-widget_type=\"image.default\">\n\t\t\t\t<div class=\"elementor-widget-container\">\n\t\t\t<style>\/*! elementor - v3.14.0 - 26-06-2023 *\/\n.elementor-widget-image{text-align:center}.elementor-widget-image a{display:inline-block}.elementor-widget-image a img[src$=\".svg\"]{width:48px}.elementor-widget-image img{vertical-align:middle;display:inline-block}<\/style>\t\t\t\t\t\t\t\t\t\t\t\t\t<a href=\"https:\/\/fer-et-pierre.com\/\" target=\"_blank\">\n\t\t\t\t\t\t\t<img decoding=\"async\" src=\"https:\/\/fer-et-pierre.com\/blog\/wp-content\/uploads\/2025\/04\/pas-japonais-home.webp\" title=\"pas japonais home\" alt=\"Chemin de pas japonais en pierre naturelle pos\u00e9 sur pelouse ou gravier, int\u00e9gr\u00e9 dans un jardin paysager, parfait pour cr\u00e9er une all\u00e9e d\u00e9corative et fonctionnelle en ext\u00e9rieur\" loading=\"lazy\" \/>\t\t\t\t\t\t\t\t<\/a>\n\t\t\t\t\t\t\t\t\t\t\t\t\t\t\t<\/div>\n\t\t\t\t<\/div>\n\t\t\t\t<div class=\"elementor-element elementor-element-87a9633 elementor-widget elementor-widget-text-editor\" data-id=\"87a9633\" data-element_type=\"widget\" data-widget_type=\"text-editor.default\">\n\t\t\t\t<div class=\"elementor-widget-container\">\n\t\t\t<style>\/*! elementor - v3.14.0 - 26-06-2023 *\/\n.elementor-widget-text-editor.elementor-drop-cap-view-stacked .elementor-drop-cap{background-color:#69727d;color:#fff}.elementor-widget-text-editor.elementor-drop-cap-view-framed .elementor-drop-cap{color:#69727d;border:3px solid;background-color:transparent}.elementor-widget-text-editor:not(.elementor-drop-cap-view-default) .elementor-drop-cap{margin-top:8px}.elementor-widget-text-editor:not(.elementor-drop-cap-view-default) .elementor-drop-cap-letter{width:1em;height:1em}.elementor-widget-text-editor .elementor-drop-cap{float:left;text-align:center;line-height:1;font-size:50px}.elementor-widget-text-editor .elementor-drop-cap-letter{display:inline-block}<\/style>\t\t\t\t<p><em><strong><span class=\"OYPEnA font-feature-liga-off font-feature-clig-off font-feature-calt-off text-decoration-none text-strikethrough-none\">Attention<\/span><span class=\"OYPEnA font-feature-liga-off font-feature-clig-off font-feature-calt-off text-decoration-none text-strikethrough-none\"> :<\/span><\/strong> Vous r\u00eavez d\u2019un jardin avec les pas japonais \u00e9l\u00e9gant, facile \u00e0 entretenir et plein de charme ?<\/em><\/p>\t\t\t\t\t\t<\/div>\n\t\t\t\t<\/div>\n\t\t\t\t\t<\/div>\n\t\t\t\t<\/div>\n\t\t<div class=\"elementor-element elementor-element-a821686 e-flex e-con-boxed wpr-particle-no wpr-jarallax-no wpr-parallax-no wpr-sticky-section-no e-con\" data-id=\"a821686\" data-element_type=\"container\" data-settings=\"{&quot;content_width&quot;:&quot;boxed&quot;}\">\n\t\t\t\t\t<div class=\"e-con-inner\">\n\t\t<div class=\"elementor-element elementor-element-8347d25 e-flex e-con-boxed wpr-particle-no wpr-jarallax-no wpr-parallax-no wpr-sticky-section-no e-con\" data-id=\"8347d25\" data-element_type=\"container\" data-settings=\"{&quot;content_width&quot;:&quot;boxed&quot;}\">\n\t\t\t\t\t<div class=\"e-con-inner\">\n\t\t<div class=\"elementor-element elementor-element-b14a8f7 e-flex e-con-boxed wpr-particle-no wpr-jarallax-no wpr-parallax-no wpr-sticky-section-no e-con\" data-id=\"b14a8f7\" data-element_type=\"container\" data-settings=\"{&quot;content_width&quot;:&quot;boxed&quot;}\">\n\t\t\t\t\t<div class=\"e-con-inner\">\n\t\t<div class=\"elementor-element elementor-element-5f55c3e e-con-full e-flex wpr-particle-no wpr-jarallax-no wpr-parallax-no wpr-sticky-section-no e-con\" data-id=\"5f55c3e\" data-element_type=\"container\" data-settings=\"{&quot;content_width&quot;:&quot;full&quot;}\">\n\t\t\t\t<div class=\"elementor-element elementor-element-0c7726c elementor-toc--minimized-on-tablet elementor-widget elementor-widget-table-of-contents\" data-id=\"0c7726c\" data-element_type=\"widget\" data-settings=\"{&quot;exclude_headings_by_selector&quot;:[],&quot;headings_by_tags&quot;:[&quot;h2&quot;],&quot;marker_view&quot;:&quot;numbers&quot;,&quot;minimize_box&quot;:&quot;yes&quot;,&quot;minimized_on&quot;:&quot;tablet&quot;,&quot;hierarchical_view&quot;:&quot;yes&quot;,&quot;min_height&quot;:{&quot;unit&quot;:&quot;px&quot;,&quot;size&quot;:&quot;&quot;,&quot;sizes&quot;:[]},&quot;min_height_tablet&quot;:{&quot;unit&quot;:&quot;px&quot;,&quot;size&quot;:&quot;&quot;,&quot;sizes&quot;:[]},&quot;min_height_mobile&quot;:{&quot;unit&quot;:&quot;px&quot;,&quot;size&quot;:&quot;&quot;,&quot;sizes&quot;:[]}}\" data-widget_type=\"table-of-contents.default\">\n\t\t\t\t<div class=\"elementor-widget-container\">\n\t\t\t<style>\/*! elementor-pro - v3.14.0 - 26-06-2023 *\/\n.elementor-widget-table-of-contents .elementor-toc__header-title{color:var(--header-color)}.elementor-widget-table-of-contents.elementor-toc--collapsed .elementor-toc__toggle-button--collapse,.elementor-widget-table-of-contents:not(.elementor-toc--collapsed) .elementor-toc__toggle-button--expand{display:none}.elementor-widget-table-of-contents .elementor-widget-container{min-height:var(--box-min-height);border:var(--box-border-width,1px) solid var(--box-border-color,#9da5ae);border-radius:var(--box-border-radius,3px);background-color:var(--box-background-color);transition:min-height .4s;overflow:hidden}.elementor-toc__header{display:flex;align-items:center;justify-content:space-between;padding:var(--box-padding,20px);background-color:var(--header-background-color);border-bottom:var(--separator-width,1px) solid var(--box-border-color,#9da5ae)}.elementor-toc__header-title{font-size:18px;margin:0;color:var(--header-color)}.elementor-toc__toggle-button{cursor:pointer;display:inline-flex}.elementor-toc__toggle-button i{color:var(--toggle-button-color)}.elementor-toc__toggle-button svg{height:1em;width:1em;fill:var(--toggle-button-color)}.elementor-toc__spinner-container{text-align:center}.elementor-toc__spinner{font-size:2em}.elementor-toc__spinner.e-font-icon-svg{height:1em;width:1em}.elementor-toc__body{padding:var(--box-padding,20px);max-height:var(--toc-body-max-height);overflow-y:auto}.elementor-toc__body::-webkit-scrollbar{width:7px}.elementor-toc__body::-webkit-scrollbar-thumb{background-color:#babfc5;border-radius:10px}.elementor-toc__list-wrapper{list-style:none;padding:0}.elementor-toc__list-item{margin-bottom:.5em}.elementor-toc__list-item.elementor-item-active{font-weight:700}.elementor-toc__list-item .elementor-toc__list-wrapper{margin-top:.5em;margin-left:var(--nested-list-indent,1em)}.elementor-toc__list-item-text:hover{color:var(--item-text-hover-color);-webkit-text-decoration:var(--item-text-hover-decoration);text-decoration:var(--item-text-hover-decoration)}.elementor-toc__list-item-text.elementor-item-active{color:var(--item-text-active-color);-webkit-text-decoration:var(--item-text-active-decoration);text-decoration:var(--item-text-active-decoration)}.elementor-toc__list-item-text-wrapper{display:flex;align-items:center}.elementor-toc__list-item-text-wrapper:before,.elementor-toc__list-item-text-wrapper i{margin-right:8px;color:var(--marker-color)}.elementor-toc__list-item-text-wrapper svg{margin-right:8px;fill:var(--marker-color);height:var(--marker-size,.5em);width:var(--marker-size,.5em)}.elementor-toc__list-item-text-wrapper i{font-size:var(--marker-size,.5em)}.elementor-toc__list-item-text-wrapper:before{font-size:var(--marker-size,1em)}.elementor-toc--content-ellipsis .elementor-toc__list-item-text{white-space:nowrap;overflow:hidden;text-overflow:ellipsis}.elementor-toc__list-items--collapsible>.elementor-toc__list-wrapper>.elementor-toc__list-item>.elementor-toc__list-wrapper{display:none}.elementor-toc__heading-anchor{position:absolute}.elementor-toc__body .elementor-toc__list-item-text{color:var(--item-text-color);-webkit-text-decoration:var(--item-text-decoration);text-decoration:var(--item-text-decoration)}.elementor-toc__body .elementor-toc__list-item-text:hover{color:var(--item-text-hover-color);-webkit-text-decoration:var(--item-text-hover-decoration);text-decoration:var(--item-text-hover-decoration)}.elementor-toc__body .elementor-toc__list-item-text.elementor-item-active{color:var(--item-text-active-color);-webkit-text-decoration:var(--item-text-active-decoration);text-decoration:var(--item-text-active-decoration)}ol.elementor-toc__list-wrapper{counter-reset:item}ol.elementor-toc__list-wrapper .elementor-toc__list-item{counter-increment:item}ol.elementor-toc__list-wrapper .elementor-toc__list-item-text-wrapper:before{content:counters(item,\".\") \". \"}<\/style>\t\t<div class=\"elementor-toc__header\" aria-controls=\"elementor-toc__body\">\n\t\t\t<h4 class=\"elementor-toc__header-title\">\n\t\t\t\tTable des mati\u00e8res\t\t\t<\/h4>\n\t\t\t\t\t\t\t<div class=\"elementor-toc__toggle-button elementor-toc__toggle-button--expand\" role=\"button\" tabindex=\"0\" aria-label=\"Ouvrir la table des mati\u00e8res\"><i aria-hidden=\"true\" class=\"fas fa-chevron-down\"><\/i><\/div>\n\t\t\t\t<div class=\"elementor-toc__toggle-button elementor-toc__toggle-button--collapse\" role=\"button\" tabindex=\"0\" aria-label=\"Fermer la table des mati\u00e8res\"><i aria-hidden=\"true\" class=\"fas fa-chevron-up\"><\/i><\/div>\n\t\t\t\t\t<\/div>\n\t\t<div class=\"elementor-toc__body\" aria-expanded=\"true\">\n\t\t\t<div class=\"elementor-toc__spinner-container\">\n\t\t\t\t<i class=\"elementor-toc__spinner eicon-animation-spin eicon-loading\" aria-hidden=\"true\"><\/i>\t\t\t<\/div>\n\t\t<\/div>\n\t\t\t\t<\/div>\n\t\t\t\t<\/div>\n\t\t\t\t<\/div>\n\t\t<div class=\"elementor-element elementor-element-da2b03b e-con-full e-flex wpr-particle-no wpr-jarallax-no wpr-parallax-no wpr-sticky-section-no e-con\" data-id=\"da2b03b\" data-element_type=\"container\" data-settings=\"{&quot;content_width&quot;:&quot;full&quot;}\">\n\t\t\t\t<div class=\"elementor-element elementor-element-e1cf29b elementor-widget elementor-widget-text-editor\" data-id=\"e1cf29b\" data-element_type=\"widget\" data-widget_type=\"text-editor.default\">\n\t\t\t\t<div class=\"elementor-widget-container\">\n\t\t\t\t\t\t\t<p>Les pas japonais sont peut-\u00eatre ce qu\u2019il vous faut ! Dans cet article, nous d\u00e9crivons toutes les \u00e9tapes n\u00e9cessaires pour transformer facilement n\u2019importe quel espace ext\u00e9rieur en pi\u00e8ce japonaise \u2013 qu\u2019il s\u2019agisse d\u2019un jardin du dimanche ou d\u2019un jardin zen, les amateurs reconna\u00eetront rapidement son accessibilit\u00e9.<\/p>\t\t\t\t\t\t<\/div>\n\t\t\t\t<\/div>\n\t\t\t\t<div class=\"elementor-element elementor-element-8e5e68f elementor-widget elementor-widget-shortcode\" data-id=\"8e5e68f\" data-element_type=\"widget\" data-widget_type=\"shortcode.default\">\n\t\t\t\t<div class=\"elementor-widget-container\">\n\t\t\t\t\t<div class=\"elementor-shortcode\"><span class=\"read-tag\"><span class=\"span-reading-time rt-reading-time\"><span class=\"rt-label rt-prefix\"><\/span> <span class=\"rt-time\"> 7<\/span> <span class=\"rt-label rt-postfix\"><\/span><\/span> min de lecture<\/span><\/div>\n\t\t\t\t<\/div>\n\t\t\t\t<\/div>\n\t\t\t\t<\/div>\n\t\t\t\t\t<\/div>\n\t\t\t\t<\/div>\n\t\t\t\t\t<\/div>\n\t\t\t\t<\/div>\n\t\t\t\t\t<\/div>\n\t\t\t\t<\/div>\n\t\t<div class=\"elementor-element elementor-element-fda50e1 e-flex e-con-boxed wpr-particle-no wpr-jarallax-no wpr-parallax-no wpr-sticky-section-no e-con\" data-id=\"fda50e1\" data-element_type=\"container\" data-settings=\"{&quot;content_width&quot;:&quot;boxed&quot;}\">\n\t\t\t\t\t<div class=\"e-con-inner\">\n\t\t\t\t<div class=\"elementor-element elementor-element-1d26226 elementor-widget elementor-widget-text-editor\" data-id=\"1d26226\" data-element_type=\"widget\" data-widget_type=\"text-editor.default\">\n\t\t\t\t<div class=\"elementor-widget-container\">\n\t\t\t\t\t\t\t<p><span style=\"font-weight: 400;\">Chez <\/span><b>Fer &amp; Pierre<\/b><span style=\"font-weight: 400;\">, nous fournissons tous les <\/span><b>produits, conseils et id\u00e9es n\u00e9cessaires<\/b><span style=\"font-weight: 400;\"> pour faire de votre projet un succ\u00e8s !<\/span><\/p>\t\t\t\t\t\t<\/div>\n\t\t\t\t<\/div>\n\t\t\t\t<div class=\"elementor-element elementor-element-4ea1347 elementor-widget elementor-widget-heading\" data-id=\"4ea1347\" data-element_type=\"widget\" data-widget_type=\"heading.default\">\n\t\t\t\t<div class=\"elementor-widget-container\">\n\t\t\t<style>\/*! elementor - v3.14.0 - 26-06-2023 *\/\n.elementor-heading-title{padding:0;margin:0;line-height:1}.elementor-widget-heading .elementor-heading-title[class*=elementor-size-]>a{color:inherit;font-size:inherit;line-height:inherit}.elementor-widget-heading .elementor-heading-title.elementor-size-small{font-size:15px}.elementor-widget-heading .elementor-heading-title.elementor-size-medium{font-size:19px}.elementor-widget-heading .elementor-heading-title.elementor-size-large{font-size:29px}.elementor-widget-heading .elementor-heading-title.elementor-size-xl{font-size:39px}.elementor-widget-heading .elementor-heading-title.elementor-size-xxl{font-size:59px}<\/style><h2 class=\"elementor-heading-title elementor-size-default\">Story time : Une promenade agr\u00e9able qui suspend le temps avec des pas japonais\n<\/h2>\t\t<\/div>\n\t\t\t\t<\/div>\n\t\t\t\t\t<\/div>\n\t\t\t\t<\/div>\n\t\t<div class=\"elementor-element elementor-element-7b474ce e-flex e-con-boxed wpr-particle-no wpr-jarallax-no wpr-parallax-no wpr-sticky-section-no e-con\" data-id=\"7b474ce\" data-element_type=\"container\" data-settings=\"{&quot;content_width&quot;:&quot;boxed&quot;}\">\n\t\t\t\t\t<div class=\"e-con-inner\">\n\t\t<div class=\"elementor-element elementor-element-7ebf1ff e-con-full e-flex wpr-particle-no wpr-jarallax-no wpr-parallax-no wpr-sticky-section-no e-con\" data-id=\"7ebf1ff\" data-element_type=\"container\" data-settings=\"{&quot;content_width&quot;:&quot;full&quot;}\">\n\t\t\t\t<div class=\"elementor-element elementor-element-bcff6bf elementor-widget elementor-widget-text-editor\" data-id=\"bcff6bf\" data-element_type=\"widget\" data-widget_type=\"text-editor.default\">\n\t\t\t\t<div class=\"elementor-widget-container\">\n\t\t\t\t\t\t\t<p>Imaginez une promenade matinale idyllique dans votre jardin. Les p\u00e9tales de roses scintillent contre la v\u00e9g\u00e9tation luxuriante tandis que vous vous promenez lentement sur les grosses pierres qui recouvrent le sol. <\/p>\t\t\t\t\t\t<\/div>\n\t\t\t\t<\/div>\n\t\t\t\t<div class=\"elementor-element elementor-element-1ee7535 elementor-widget elementor-widget-text-editor\" data-id=\"1ee7535\" data-element_type=\"widget\" data-widget_type=\"text-editor.default\">\n\t\t\t\t<div class=\"elementor-widget-container\">\n\t\t\t\t\t\t\t<p>Chaque pas japonais est l\u2019occasion de ralentir le rythme : appr\u00e9ciez la sensation de la pierre sous vos pieds, remarquez la lumi\u00e8re qui filtre \u00e0 travers les arbres et les fleurs qui s\u2019\u00e9panouissent \u00e0 leur lisi\u00e8re&#8230; Ce chemin semble suspendre le temps.<\/p>\t\t\t\t\t\t<\/div>\n\t\t\t\t<\/div>\n\t\t\t\t<div class=\"elementor-element elementor-element-6622c0f elementor-widget elementor-widget-text-editor\" data-id=\"6622c0f\" data-element_type=\"widget\" data-widget_type=\"text-editor.default\">\n\t\t\t\t<div class=\"elementor-widget-container\">\n\t\t\t\t\t\t\t<p>Explorer ce chemin de pierre po\u00e9tique vous permet de ressentir la chaleur de son contact sous vos pieds, tout en observant la vie autour de vous. Cette promenade sensorielle promet une exp\u00e9rience enrichissante tout en prot\u00e9geant la beaut\u00e9 de votre jardin.<\/p>\t\t\t\t\t\t<\/div>\n\t\t\t\t<\/div>\n\t\t\t\t<\/div>\n\t\t<div class=\"elementor-element elementor-element-9ce5c85 e-con-full e-flex wpr-particle-no wpr-jarallax-no wpr-parallax-no wpr-sticky-section-no e-con\" data-id=\"9ce5c85\" data-element_type=\"container\" data-settings=\"{&quot;content_width&quot;:&quot;full&quot;}\">\n\t\t\t\t<div class=\"elementor-element elementor-element-c8156d7 elementor-widget elementor-widget-image\" data-id=\"c8156d7\" data-element_type=\"widget\" data-widget_type=\"image.default\">\n\t\t\t\t<div class=\"elementor-widget-container\">\n\t\t\t\t\t\t\t\t\t\t\t\t\t\t\t<img loading=\"lazy\" decoding=\"async\" width=\"800\" height=\"534\" src=\"https:\/\/fer-et-pierre.com\/blog\/wp-content\/uploads\/2025\/04\/Espacement-pas-japonais-1024x683.webp\" class=\"attachment-large size-large wp-image-1567\" alt=\"All\u00e9e de pas japonais espac\u00e9s r\u00e9guli\u00e8rement sur une pelouse verdoyante, illustrant l\u2019espacement id\u00e9al entre chaque dalle pour un chemin harmonieux et confortable \u00e0 travers un jardin paysager\" srcset=\"https:\/\/fer-et-pierre.com\/blog\/wp-content\/uploads\/2025\/04\/Espacement-pas-japonais-1024x683.webp 1024w, https:\/\/fer-et-pierre.com\/blog\/wp-content\/uploads\/2025\/04\/Espacement-pas-japonais-300x200.webp 300w, https:\/\/fer-et-pierre.com\/blog\/wp-content\/uploads\/2025\/04\/Espacement-pas-japonais-768x512.webp 768w, https:\/\/fer-et-pierre.com\/blog\/wp-content\/uploads\/2025\/04\/Espacement-pas-japonais.webp 1536w\" sizes=\"auto, (max-width: 800px) 100vw, 800px\" \/>\t\t\t\t\t\t\t\t\t\t\t\t\t\t\t<\/div>\n\t\t\t\t<\/div>\n\t\t\t\t<\/div>\n\t\t\t\t\t<\/div>\n\t\t\t\t<\/div>\n\t\t<div class=\"elementor-element elementor-element-239c2ba e-flex e-con-boxed wpr-particle-no wpr-jarallax-no wpr-parallax-no wpr-sticky-section-no e-con\" data-id=\"239c2ba\" data-element_type=\"container\" data-settings=\"{&quot;content_width&quot;:&quot;boxed&quot;}\">\n\t\t\t\t\t<div class=\"e-con-inner\">\n\t\t\t\t<div class=\"elementor-element elementor-element-cfb575c elementor-widget elementor-widget-heading\" data-id=\"cfb575c\" data-element_type=\"widget\" data-widget_type=\"heading.default\">\n\t\t\t\t<div class=\"elementor-widget-container\">\n\t\t\t<h2 class=\"elementor-heading-title elementor-size-default\">Histoire et signification des pas japonais<\/h2>\t\t<\/div>\n\t\t\t\t<\/div>\n\t\t\t\t<div class=\"elementor-element elementor-element-981582d elementor-blockquote--skin-border elementor-blockquote--button-color-official elementor-widget elementor-widget-blockquote\" data-id=\"981582d\" data-element_type=\"widget\" data-widget_type=\"blockquote.default\">\n\t\t\t\t<div class=\"elementor-widget-container\">\n\t\t\t<style>\/*! elementor-pro - v3.14.0 - 26-06-2023 *\/\n@charset \"UTF-8\";.entry-content blockquote.elementor-blockquote:not(.alignright):not(.alignleft),.entry-summary blockquote.elementor-blockquote{margin-right:0;margin-left:0}.elementor-widget-blockquote blockquote{margin:0;padding:0;outline:0;font-size:100%;vertical-align:baseline;background:transparent;quotes:none;border:0;font-style:normal;color:#3f444b}.elementor-widget-blockquote blockquote .e-q-footer:after,.elementor-widget-blockquote blockquote .e-q-footer:before,.elementor-widget-blockquote blockquote:after,.elementor-widget-blockquote blockquote:before,.elementor-widget-blockquote blockquote cite:after,.elementor-widget-blockquote blockquote cite:before{content:none}.elementor-blockquote{transition:.3s}.elementor-blockquote__author,.elementor-blockquote__content{margin-bottom:0;font-style:normal}.elementor-blockquote__author{font-weight:700}.elementor-blockquote .e-q-footer{margin-top:12px;display:flex;justify-content:space-between}.elementor-blockquote__tweet-button{display:flex;transition:.3s;color:#1da1f2;align-self:flex-end;line-height:1;position:relative;width:-moz-max-content;width:max-content}.elementor-blockquote__tweet-button:hover{color:#0967a0}.elementor-blockquote__tweet-button span{font-weight:600}.elementor-blockquote__tweet-button i,.elementor-blockquote__tweet-button span{vertical-align:middle}.elementor-blockquote__tweet-button i+span,.elementor-blockquote__tweet-button svg+span{margin-left:.5em}.elementor-blockquote__tweet-button svg{fill:#1da1f2;height:1em;width:1em}.elementor-blockquote__tweet-label{white-space:pre-wrap}.elementor-blockquote--button-skin-bubble .elementor-blockquote__tweet-button,.elementor-blockquote--button-skin-classic .elementor-blockquote__tweet-button{padding:.7em 1.2em;border-radius:100em;background-color:#1da1f2;color:#fff;font-size:15px}.elementor-blockquote--button-skin-bubble .elementor-blockquote__tweet-button:hover,.elementor-blockquote--button-skin-classic .elementor-blockquote__tweet-button:hover{background-color:#0967a0;color:#fff}.elementor-blockquote--button-skin-bubble .elementor-blockquote__tweet-button:hover:before,.elementor-blockquote--button-skin-classic .elementor-blockquote__tweet-button:hover:before{border-right-color:#0967a0}.elementor-blockquote--button-skin-bubble .elementor-blockquote__tweet-button svg,.elementor-blockquote--button-skin-classic .elementor-blockquote__tweet-button svg{fill:#fff;height:1em;width:1em}.elementor-blockquote--button-skin-bubble.elementor-blockquote--button-view-icon .elementor-blockquote__tweet-button,.elementor-blockquote--button-skin-classic.elementor-blockquote--button-view-icon .elementor-blockquote__tweet-button{padding:0;width:2em;height:2em}.elementor-blockquote--button-skin-bubble.elementor-blockquote--button-view-icon .elementor-blockquote__tweet-button i,.elementor-blockquote--button-skin-classic.elementor-blockquote--button-view-icon .elementor-blockquote__tweet-button i{position:absolute;left:50%;top:50%;transform:translate(-50%,-50%)}.elementor-blockquote--button-skin-bubble .elementor-blockquote__tweet-button:before{content:\"\";border:.5em solid transparent;border-right-color:#1da1f2;position:absolute;left:-.8em;top:50%;transform:translateY(-50%) scaleY(.65);transition:.3s}.elementor-blockquote--button-skin-bubble.elementor-blockquote--align-left .elementor-blockquote__tweet-button:before{right:auto;left:-.8em;border-right-color:#1da1f2;border-left-color:transparent}.elementor-blockquote--button-skin-bubble.elementor-blockquote--align-left .elementor-blockquote__tweet-button:hover:before{border-right-color:#0967a0}.elementor-blockquote--button-skin-bubble.elementor-blockquote--align-right .elementor-blockquote__tweet-button:before{left:auto;right:-.8em;border-right-color:transparent;border-left-color:#1da1f2}.elementor-blockquote--button-skin-bubble.elementor-blockquote--align-right .elementor-blockquote__tweet-button:hover:before{border-left-color:#0967a0}.elementor-blockquote--skin-boxed .elementor-blockquote{background-color:#f9fafa;padding:30px}.elementor-blockquote--skin-border .elementor-blockquote{border-color:#f9fafa;border-left:7px #f9fafa;border-style:solid;padding-left:20px}.elementor-blockquote--skin-quotation .elementor-blockquote:before{content:\"\u201c\";font-size:100px;color:#f9fafa;font-family:Times New Roman,Times,serif;font-weight:900;line-height:1;display:block;height:.6em}.elementor-blockquote--skin-quotation .elementor-blockquote__content{margin-top:15px}.elementor-blockquote--align-left .elementor-blockquote__content{text-align:left}.elementor-blockquote--align-left .elementor-blockquote .e-q-footer{flex-direction:row}.elementor-blockquote--align-right .elementor-blockquote__content{text-align:right}.elementor-blockquote--align-right .elementor-blockquote .e-q-footer{flex-direction:row-reverse}.elementor-blockquote--align-center .elementor-blockquote{text-align:center}.elementor-blockquote--align-center .elementor-blockquote .e-q-footer,.elementor-blockquote--align-center .elementor-blockquote__author{display:block}.elementor-blockquote--align-center .elementor-blockquote__tweet-button{margin-right:auto;margin-left:auto}<\/style>\t\t<blockquote class=\"elementor-blockquote\">\n\t\t\t<p class=\"elementor-blockquote__content\">\n\t\t\t\t<i>Les concepteurs de jardins au Japon ont longtemps utilis\u00e9 les sentiers en tobi-ishi \u2013 des pierres pos\u00e9es \u00e0 intervalles r\u00e9guliers \u2013 comme \u00e9l\u00e9ments \u00e0 la fois pratiques et po\u00e9tiques. Dans les zones tr\u00e8s humides du Japon, ils permettaient aux promeneurs d\u2019\u00e9viter de salir leurs v\u00eatements traditionnels tout en se connectant \u00e0 la nature.\n<\/i>\n\t\t\t<\/p>\n\t\t\t\t\t<\/blockquote>\n\t\t\t\t<\/div>\n\t\t\t\t<\/div>\n\t\t\t\t<div class=\"elementor-element elementor-element-66d37de elementor-blockquote--skin-border elementor-blockquote--button-color-official elementor-widget elementor-widget-blockquote\" data-id=\"66d37de\" data-element_type=\"widget\" data-widget_type=\"blockquote.default\">\n\t\t\t\t<div class=\"elementor-widget-container\">\n\t\t\t\t\t<blockquote class=\"elementor-blockquote\">\n\t\t\t<p class=\"elementor-blockquote__content\">\n\t\t\t\t<i>Le mot tobi-ishi, qui signifie \"pierres volantes\", sugg\u00e8re des pierres en l\u00e9vitation au-dessus du sol, guidant le promeneur dans une atmosph\u00e8re paisible. Rapidement, ces sentiers sont devenus une composante cl\u00e9 de l\u2019esth\u00e9tique japonaise.<\/i>\t\t\t<\/p>\n\t\t\t\t\t<\/blockquote>\n\t\t\t\t<\/div>\n\t\t\t\t<\/div>\n\t\t\t\t<div class=\"elementor-element elementor-element-7fb31e5 elementor-blockquote--skin-border elementor-blockquote--button-color-official elementor-widget elementor-widget-blockquote\" data-id=\"7fb31e5\" data-element_type=\"widget\" data-widget_type=\"blockquote.default\">\n\t\t\t\t<div class=\"elementor-widget-container\">\n\t\t\t\t\t<blockquote class=\"elementor-blockquote\">\n\t\t\t<p class=\"elementor-blockquote__content\">\n\t\t\t\t<i>Chaque pierre appelle \u00e0 la contemplation : les plus rapproch\u00e9es ralentissent le pas, tandis que les plus espac\u00e9es offrent une marche plus fluide.\n<\/i>\t\t\t<\/p>\n\t\t\t\t\t<\/blockquote>\n\t\t\t\t<\/div>\n\t\t\t\t<\/div>\n\t\t\t\t<div class=\"elementor-element elementor-element-7b09d3e elementor-align-center elementor-widget elementor-widget-button\" data-id=\"7b09d3e\" data-element_type=\"widget\" data-widget_type=\"button.default\">\n\t\t\t\t<div class=\"elementor-widget-container\">\n\t\t\t\t\t<div class=\"elementor-button-wrapper\">\n\t\t\t<a class=\"elementor-button elementor-button-link elementor-size-sm\" href=\"https:\/\/fer-et-pierre.com\/253-pas-japonais\" target=\"_blank\">\n\t\t\t\t\t\t<span class=\"elementor-button-content-wrapper\">\n\t\t\t\t\t\t<span class=\"elementor-button-text\">NOS PAS JAPONAIS<\/span>\n\t\t<\/span>\n\t\t\t\t\t<\/a>\n\t\t<\/div>\n\t\t\t\t<\/div>\n\t\t\t\t<\/div>\n\t\t\t\t\t<\/div>\n\t\t\t\t<\/div>\n\t\t<div class=\"elementor-element elementor-element-102c6a2 e-flex e-con-boxed wpr-particle-no wpr-jarallax-no wpr-parallax-no wpr-sticky-section-no e-con\" data-id=\"102c6a2\" data-element_type=\"container\" data-settings=\"{&quot;content_width&quot;:&quot;boxed&quot;}\">\n\t\t\t\t\t<div class=\"e-con-inner\">\n\t\t\t\t<div class=\"elementor-element elementor-element-d3b4134 elementor-widget elementor-widget-heading\" data-id=\"d3b4134\" data-element_type=\"widget\" data-widget_type=\"heading.default\">\n\t\t\t\t<div class=\"elementor-widget-container\">\n\t\t\t<h2 class=\"elementor-heading-title elementor-size-default\">On distingue diff\u00e9rents styles de trac\u00e9 selon le degr\u00e9 de formalit\u00e9 :\n<\/h2>\t\t<\/div>\n\t\t\t\t<\/div>\n\t\t\t\t<div class=\"elementor-element elementor-element-a91e01a elementor-icon-list--layout-traditional elementor-list-item-link-full_width elementor-widget elementor-widget-icon-list\" data-id=\"a91e01a\" data-element_type=\"widget\" data-widget_type=\"icon-list.default\">\n\t\t\t\t<div class=\"elementor-widget-container\">\n\t\t\t<link rel=\"stylesheet\" href=\"https:\/\/fer-et-pierre.com\/blog\/wp-content\/plugins\/elementor\/assets\/css\/widget-icon-list.min.css\">\t\t<ul class=\"elementor-icon-list-items\">\n\t\t\t\t\t\t\t<li class=\"elementor-icon-list-item\">\n\t\t\t\t\t\t\t\t\t\t\t<span class=\"elementor-icon-list-icon\">\n\t\t\t\t\t\t\t<i aria-hidden=\"true\" class=\"fas fa-dot-circle\"><\/i>\t\t\t\t\t\t<\/span>\n\t\t\t\t\t\t\t\t\t\t<span class=\"elementor-icon-list-text\">Shin : style tr\u00e8s formel, g\u00e9om\u00e9trique.<\/span>\n\t\t\t\t\t\t\t\t\t<\/li>\n\t\t\t\t\t\t\t\t<li class=\"elementor-icon-list-item\">\n\t\t\t\t\t\t\t\t\t\t\t<span class=\"elementor-icon-list-icon\">\n\t\t\t\t\t\t\t<i aria-hidden=\"true\" class=\"fas fa-dot-circle\"><\/i>\t\t\t\t\t\t<\/span>\n\t\t\t\t\t\t\t\t\t\t<span class=\"elementor-icon-list-text\">Gyo : style interm\u00e9diaire, \u00e9quilibr\u00e9 entre rigueur et naturel.<\/span>\n\t\t\t\t\t\t\t\t\t<\/li>\n\t\t\t\t\t\t\t\t<li class=\"elementor-icon-list-item\">\n\t\t\t\t\t\t\t\t\t\t\t<span class=\"elementor-icon-list-icon\">\n\t\t\t\t\t\t\t<i aria-hidden=\"true\" class=\"fas fa-dot-circle\"><\/i>\t\t\t\t\t\t<\/span>\n\t\t\t\t\t\t\t\t\t\t<span class=\"elementor-icon-list-text\">So : style libre et organique, proche de la nature.<\/span>\n\t\t\t\t\t\t\t\t\t<\/li>\n\t\t\t\t\t\t<\/ul>\n\t\t\t\t<\/div>\n\t\t\t\t<\/div>\n\t\t\t\t\t<\/div>\n\t\t\t\t<\/div>\n\t\t<div class=\"elementor-element elementor-element-e80d5c6 e-flex e-con-boxed wpr-particle-no wpr-jarallax-no wpr-parallax-no wpr-sticky-section-no e-con\" data-id=\"e80d5c6\" data-element_type=\"container\" data-settings=\"{&quot;content_width&quot;:&quot;boxed&quot;}\">\n\t\t\t\t\t<div class=\"e-con-inner\">\n\t\t\t\t<div class=\"elementor-element elementor-element-4b01b41 elementor-widget elementor-widget-heading\" data-id=\"4b01b41\" data-element_type=\"widget\" data-widget_type=\"heading.default\">\n\t\t\t\t<div class=\"elementor-widget-container\">\n\t\t\t<h2 class=\"elementor-heading-title elementor-size-default\">O\u00f9 installer des pas japonais ?\n<\/h2>\t\t<\/div>\n\t\t\t\t<\/div>\n\t\t\t\t\t<\/div>\n\t\t\t\t<\/div>\n\t\t<div class=\"elementor-element elementor-element-81d5b3f e-flex e-con-boxed wpr-particle-no wpr-jarallax-no wpr-parallax-no wpr-sticky-section-no e-con\" data-id=\"81d5b3f\" data-element_type=\"container\" data-settings=\"{&quot;content_width&quot;:&quot;boxed&quot;}\">\n\t\t\t\t\t<div class=\"e-con-inner\">\n\t\t<div class=\"elementor-element elementor-element-a5c40c6 e-con-full e-flex wpr-particle-no wpr-jarallax-no wpr-parallax-no wpr-sticky-section-no e-con\" data-id=\"a5c40c6\" data-element_type=\"container\" data-settings=\"{&quot;content_width&quot;:&quot;full&quot;}\">\n\t\t\t\t<div class=\"elementor-element elementor-element-6e78d89 elementor-widget elementor-widget-image\" data-id=\"6e78d89\" data-element_type=\"widget\" data-widget_type=\"image.default\">\n\t\t\t\t<div class=\"elementor-widget-container\">\n\t\t\t\t\t\t\t\t\t\t\t\t\t\t\t<img loading=\"lazy\" decoding=\"async\" width=\"800\" height=\"534\" src=\"https:\/\/fer-et-pierre.com\/blog\/wp-content\/uploads\/2025\/04\/pelouse-1024x683.webp\" class=\"attachment-large size-large wp-image-1560\" alt=\"Travaux de pose de pas japonais en pierre naturelle dans un jardin avec pelouse, montrant un ouvrier installant des dalles dans des emplacements creus\u00e9s pour cr\u00e9er une all\u00e9e esth\u00e9tique et fonctionnelle.\" srcset=\"https:\/\/fer-et-pierre.com\/blog\/wp-content\/uploads\/2025\/04\/pelouse-1024x683.webp 1024w, https:\/\/fer-et-pierre.com\/blog\/wp-content\/uploads\/2025\/04\/pelouse-300x200.webp 300w, https:\/\/fer-et-pierre.com\/blog\/wp-content\/uploads\/2025\/04\/pelouse-768x512.webp 768w, https:\/\/fer-et-pierre.com\/blog\/wp-content\/uploads\/2025\/04\/pelouse.webp 1536w\" sizes=\"auto, (max-width: 800px) 100vw, 800px\" \/>\t\t\t\t\t\t\t\t\t\t\t\t\t\t\t<\/div>\n\t\t\t\t<\/div>\n\t\t\t\t<div class=\"elementor-element elementor-element-784a2b1 elementor-widget elementor-widget-heading\" data-id=\"784a2b1\" data-element_type=\"widget\" data-widget_type=\"heading.default\">\n\t\t\t\t<div class=\"elementor-widget-container\">\n\t\t\t<h4 class=\"elementor-heading-title elementor-size-default\">Sur pelouse <\/h4>\t\t<\/div>\n\t\t\t\t<\/div>\n\t\t\t\t<div class=\"elementor-element elementor-element-12bd1f5 elementor-widget elementor-widget-text-editor\" data-id=\"12bd1f5\" data-element_type=\"widget\" data-widget_type=\"text-editor.default\">\n\t\t\t\t<div class=\"elementor-widget-container\">\n\t\t\t\t\t\t\t<p><span style=\"font-weight: 400;\">Pour cr\u00e9er un chemin discret sans d\u00e9naturer le gazon.<\/span><span style=\"font-weight: 400;\"><br \/><\/span><\/p>\t\t\t\t\t\t<\/div>\n\t\t\t\t<\/div>\n\t\t\t\t<\/div>\n\t\t<div class=\"elementor-element elementor-element-a89de15 e-con-full e-flex wpr-particle-no wpr-jarallax-no wpr-parallax-no wpr-sticky-section-no e-con\" data-id=\"a89de15\" data-element_type=\"container\" data-settings=\"{&quot;content_width&quot;:&quot;full&quot;}\">\n\t\t\t\t<div class=\"elementor-element elementor-element-9843746 elementor-widget elementor-widget-image\" data-id=\"9843746\" data-element_type=\"widget\" data-widget_type=\"image.default\">\n\t\t\t\t<div class=\"elementor-widget-container\">\n\t\t\t\t\t\t\t\t\t\t\t\t\t\t\t<img loading=\"lazy\" decoding=\"async\" width=\"800\" height=\"534\" src=\"https:\/\/fer-et-pierre.com\/blog\/wp-content\/uploads\/2025\/04\/jardin-sec-ou-gravillonne-1024x683.webp\" class=\"attachment-large size-large wp-image-1561\" alt=\"Installation de pas japonais en pierre sur un sol gravillonn\u00e9 dans un jardin sec, r\u00e9alis\u00e9e par un ouvrier, avec dalles rectangulaires parfaitement align\u00e9es entre des plantes r\u00e9sistantes \u00e0 la s\u00e9cheresse comme les agaves et lavandes.\" srcset=\"https:\/\/fer-et-pierre.com\/blog\/wp-content\/uploads\/2025\/04\/jardin-sec-ou-gravillonne-1024x683.webp 1024w, https:\/\/fer-et-pierre.com\/blog\/wp-content\/uploads\/2025\/04\/jardin-sec-ou-gravillonne-300x200.webp 300w, https:\/\/fer-et-pierre.com\/blog\/wp-content\/uploads\/2025\/04\/jardin-sec-ou-gravillonne-768x512.webp 768w, https:\/\/fer-et-pierre.com\/blog\/wp-content\/uploads\/2025\/04\/jardin-sec-ou-gravillonne.webp 1536w\" sizes=\"auto, (max-width: 800px) 100vw, 800px\" \/>\t\t\t\t\t\t\t\t\t\t\t\t\t\t\t<\/div>\n\t\t\t\t<\/div>\n\t\t\t\t<div class=\"elementor-element elementor-element-04b01f6 elementor-widget elementor-widget-heading\" data-id=\"04b01f6\" data-element_type=\"widget\" data-widget_type=\"heading.default\">\n\t\t\t\t<div class=\"elementor-widget-container\">\n\t\t\t<h4 class=\"elementor-heading-title elementor-size-default\">Dans un jardin sec<\/h4>\t\t<\/div>\n\t\t\t\t<\/div>\n\t\t\t\t<div class=\"elementor-element elementor-element-3a677a9 elementor-widget elementor-widget-text-editor\" data-id=\"3a677a9\" data-element_type=\"widget\" data-widget_type=\"text-editor.default\">\n\t\t\t\t<div class=\"elementor-widget-container\">\n\t\t\t\t\t\t\t<p><span style=\"font-weight: 400;\">\u00a0Pour un style \u00e9pur\u00e9 et zen.<\/span><span style=\"font-weight: 400;\"><br \/><\/span><\/p>\t\t\t\t\t\t<\/div>\n\t\t\t\t<\/div>\n\t\t\t\t<\/div>\n\t\t<div class=\"elementor-element elementor-element-05d1112 e-con-full e-flex wpr-particle-no wpr-jarallax-no wpr-parallax-no wpr-sticky-section-no e-con\" data-id=\"05d1112\" data-element_type=\"container\" data-settings=\"{&quot;content_width&quot;:&quot;full&quot;}\">\n\t\t\t\t<div class=\"elementor-element elementor-element-a537aae elementor-widget elementor-widget-image\" data-id=\"a537aae\" data-element_type=\"widget\" data-widget_type=\"image.default\">\n\t\t\t\t<div class=\"elementor-widget-container\">\n\t\t\t\t\t\t\t\t\t\t\t\t\t\t\t<img loading=\"lazy\" decoding=\"async\" width=\"800\" height=\"534\" src=\"https:\/\/fer-et-pierre.com\/blog\/wp-content\/uploads\/2025\/04\/Au-coeur-de-massifs-ou-potager-1024x683.webp\" class=\"attachment-large size-large wp-image-1562\" alt=\"All\u00e9e de pas japonais en pierre naturelle int\u00e9gr\u00e9e au c\u0153ur d\u2019un jardin potager, bord\u00e9e de massifs de l\u00e9gumes et de plantes aromatiques, cr\u00e9ant un chemin pratique et esth\u00e9tique entre les cultures.\" srcset=\"https:\/\/fer-et-pierre.com\/blog\/wp-content\/uploads\/2025\/04\/Au-coeur-de-massifs-ou-potager-1024x683.webp 1024w, https:\/\/fer-et-pierre.com\/blog\/wp-content\/uploads\/2025\/04\/Au-coeur-de-massifs-ou-potager-300x200.webp 300w, https:\/\/fer-et-pierre.com\/blog\/wp-content\/uploads\/2025\/04\/Au-coeur-de-massifs-ou-potager-768x512.webp 768w, https:\/\/fer-et-pierre.com\/blog\/wp-content\/uploads\/2025\/04\/Au-coeur-de-massifs-ou-potager.webp 1536w\" sizes=\"auto, (max-width: 800px) 100vw, 800px\" \/>\t\t\t\t\t\t\t\t\t\t\t\t\t\t\t<\/div>\n\t\t\t\t<\/div>\n\t\t\t\t<div class=\"elementor-element elementor-element-f190120 elementor-widget elementor-widget-heading\" data-id=\"f190120\" data-element_type=\"widget\" data-widget_type=\"heading.default\">\n\t\t\t\t<div class=\"elementor-widget-container\">\n\t\t\t<h4 class=\"elementor-heading-title elementor-size-default\">Au c\u0153ur de massifs <\/h4>\t\t<\/div>\n\t\t\t\t<\/div>\n\t\t\t\t<div class=\"elementor-element elementor-element-55f9fa8 elementor-widget elementor-widget-text-editor\" data-id=\"55f9fa8\" data-element_type=\"widget\" data-widget_type=\"text-editor.default\">\n\t\t\t\t<div class=\"elementor-widget-container\">\n\t\t\t\t\t\t\t<p style=\"text-align: left;\"><span style=\"font-weight: 400;\">Acc\u00e8s facile sans tasser la terre.<\/span><\/p>\t\t\t\t\t\t<\/div>\n\t\t\t\t<\/div>\n\t\t\t\t<\/div>\n\t\t<div class=\"elementor-element elementor-element-b9004c0 e-con-full e-flex wpr-particle-no wpr-jarallax-no wpr-parallax-no wpr-sticky-section-no e-con\" data-id=\"b9004c0\" data-element_type=\"container\" data-settings=\"{&quot;content_width&quot;:&quot;full&quot;}\">\n\t\t\t\t<div class=\"elementor-element elementor-element-a0e19fd elementor-widget elementor-widget-image\" data-id=\"a0e19fd\" data-element_type=\"widget\" data-widget_type=\"image.default\">\n\t\t\t\t<div class=\"elementor-widget-container\">\n\t\t\t\t\t\t\t\t\t\t\t\t\t\t\t<img loading=\"lazy\" decoding=\"async\" width=\"800\" height=\"534\" src=\"https:\/\/fer-et-pierre.com\/blog\/wp-content\/uploads\/2025\/04\/terrasse-ou-autour-dune-piscine-1024x683.webp\" class=\"attachment-large size-large wp-image-1563\" alt=\"\" srcset=\"https:\/\/fer-et-pierre.com\/blog\/wp-content\/uploads\/2025\/04\/terrasse-ou-autour-dune-piscine-1024x683.webp 1024w, https:\/\/fer-et-pierre.com\/blog\/wp-content\/uploads\/2025\/04\/terrasse-ou-autour-dune-piscine-300x200.webp 300w, https:\/\/fer-et-pierre.com\/blog\/wp-content\/uploads\/2025\/04\/terrasse-ou-autour-dune-piscine-768x512.webp 768w, https:\/\/fer-et-pierre.com\/blog\/wp-content\/uploads\/2025\/04\/terrasse-ou-autour-dune-piscine.webp 1536w\" sizes=\"auto, (max-width: 800px) 100vw, 800px\" \/>\t\t\t\t\t\t\t\t\t\t\t\t\t\t\t<\/div>\n\t\t\t\t<\/div>\n\t\t\t\t<div class=\"elementor-element elementor-element-64570ec elementor-widget elementor-widget-heading\" data-id=\"64570ec\" data-element_type=\"widget\" data-widget_type=\"heading.default\">\n\t\t\t\t<div class=\"elementor-widget-container\">\n\t\t\t<h4 class=\"elementor-heading-title elementor-size-default\">Terrasse &amp; piscine<\/h4>\t\t<\/div>\n\t\t\t\t<\/div>\n\t\t\t\t<div class=\"elementor-element elementor-element-fd8518c elementor-widget elementor-widget-text-editor\" data-id=\"fd8518c\" data-element_type=\"widget\" data-widget_type=\"text-editor.default\">\n\t\t\t\t<div class=\"elementor-widget-container\">\n\t\t\t\t\t\t\t<p><span style=\"font-weight: 400;\">Prolongez vos am\u00e9nagements existants.<\/span><span style=\"font-weight: 400;\"><br \/><\/span><\/p>\t\t\t\t\t\t<\/div>\n\t\t\t\t<\/div>\n\t\t\t\t<\/div>\n\t\t<div class=\"elementor-element elementor-element-25fb23a e-con-full e-flex wpr-particle-no wpr-jarallax-no wpr-parallax-no wpr-sticky-section-no e-con\" data-id=\"25fb23a\" data-element_type=\"container\" data-settings=\"{&quot;content_width&quot;:&quot;full&quot;}\">\n\t\t\t\t<div class=\"elementor-element elementor-element-5985799 elementor-widget elementor-widget-image\" data-id=\"5985799\" data-element_type=\"widget\" data-widget_type=\"image.default\">\n\t\t\t\t<div class=\"elementor-widget-container\">\n\t\t\t\t\t\t\t\t\t\t\t\t\t\t\t<img loading=\"lazy\" decoding=\"async\" width=\"800\" height=\"534\" src=\"https:\/\/fer-et-pierre.com\/blog\/wp-content\/uploads\/2025\/04\/fontaine-banc-pergola-1024x683.webp\" class=\"attachment-large size-large wp-image-1564\" alt=\"Pas japonais en pierre dans un jardin japonais avec lanterne, fontaine en pierre, pergola en bois et banc, cr\u00e9ant une ambiance zen et apaisante au c\u0153ur d\u2019un am\u00e9nagement paysager structur\u00e9.\" srcset=\"https:\/\/fer-et-pierre.com\/blog\/wp-content\/uploads\/2025\/04\/fontaine-banc-pergola-1024x683.webp 1024w, https:\/\/fer-et-pierre.com\/blog\/wp-content\/uploads\/2025\/04\/fontaine-banc-pergola-300x200.webp 300w, https:\/\/fer-et-pierre.com\/blog\/wp-content\/uploads\/2025\/04\/fontaine-banc-pergola-768x512.webp 768w, https:\/\/fer-et-pierre.com\/blog\/wp-content\/uploads\/2025\/04\/fontaine-banc-pergola.webp 1536w\" sizes=\"auto, (max-width: 800px) 100vw, 800px\" \/>\t\t\t\t\t\t\t\t\t\t\t\t\t\t\t<\/div>\n\t\t\t\t<\/div>\n\t\t\t\t<div class=\"elementor-element elementor-element-92ced92 elementor-widget elementor-widget-heading\" data-id=\"92ced92\" data-element_type=\"widget\" data-widget_type=\"heading.default\">\n\t\t\t\t<div class=\"elementor-widget-container\">\n\t\t\t<h4 class=\"elementor-heading-title elementor-size-default\">Vers un point d\u2019int\u00e9r\u00eat<\/h4>\t\t<\/div>\n\t\t\t\t<\/div>\n\t\t\t\t<div class=\"elementor-element elementor-element-1426937 elementor-widget elementor-widget-text-editor\" data-id=\"1426937\" data-element_type=\"widget\" data-widget_type=\"text-editor.default\">\n\t\t\t\t<div class=\"elementor-widget-container\">\n\t\t\t\t\t\t\t<p><span style=\"font-weight: 400;\">Fontaine, banc, pergola ou lanterne.<\/span><\/p>\t\t\t\t\t\t<\/div>\n\t\t\t\t<\/div>\n\t\t\t\t<\/div>\n\t\t\t\t\t<\/div>\n\t\t\t\t<\/div>\n\t\t<div class=\"elementor-element elementor-element-9f8f9f9 e-flex e-con-boxed wpr-particle-no wpr-jarallax-no wpr-parallax-no wpr-sticky-section-no e-con\" data-id=\"9f8f9f9\" data-element_type=\"container\" data-settings=\"{&quot;content_width&quot;:&quot;boxed&quot;}\">\n\t\t\t\t\t<div class=\"e-con-inner\">\n\t\t\t\t<div class=\"elementor-element elementor-element-5fab47c elementor-icon-list--layout-traditional elementor-list-item-link-full_width elementor-widget elementor-widget-icon-list\" data-id=\"5fab47c\" data-element_type=\"widget\" data-widget_type=\"icon-list.default\">\n\t\t\t\t<div class=\"elementor-widget-container\">\n\t\t\t\t\t<ul class=\"elementor-icon-list-items\">\n\t\t\t\t\t\t\t<li class=\"elementor-icon-list-item\">\n\t\t\t\t\t\t\t\t\t\t\t<span class=\"elementor-icon-list-icon\">\n\t\t\t\t\t\t\t<i aria-hidden=\"true\" class=\"fas fa-lock\"><\/i>\t\t\t\t\t\t<\/span>\n\t\t\t\t\t\t\t\t\t\t<span class=\"elementor-icon-list-text\"><b>Conseil s\u00e9curit\u00e9 :<\/b><i> choisissez des pierres \u00e0 surface antid\u00e9rapante pr\u00e8s des zones humides ou piscines.<\/i><\/span>\n\t\t\t\t\t\t\t\t\t<\/li>\n\t\t\t\t\t\t<\/ul>\n\t\t\t\t<\/div>\n\t\t\t\t<\/div>\n\t\t\t\t\t<\/div>\n\t\t\t\t<\/div>\n\t\t<div class=\"elementor-element elementor-element-86ce910 e-flex e-con-boxed wpr-particle-no wpr-jarallax-no wpr-parallax-no wpr-sticky-section-no e-con\" data-id=\"86ce910\" data-element_type=\"container\" data-settings=\"{&quot;content_width&quot;:&quot;boxed&quot;}\">\n\t\t\t\t\t<div class=\"e-con-inner\">\n\t\t\t\t<div class=\"elementor-element elementor-element-a713fed elementor-widget elementor-widget-heading\" data-id=\"a713fed\" data-element_type=\"widget\" data-widget_type=\"heading.default\">\n\t\t\t\t<div class=\"elementor-widget-container\">\n\t\t\t<h2 class=\"elementor-heading-title elementor-size-default\">Pr\u00e9parer le terrain avant la pose des pas japonais\n<\/h2>\t\t<\/div>\n\t\t\t\t<\/div>\n\t\t\t\t\t<\/div>\n\t\t\t\t<\/div>\n\t\t<div class=\"elementor-element elementor-element-996de69 e-flex e-con-boxed wpr-particle-no wpr-jarallax-no wpr-parallax-no wpr-sticky-section-no e-con\" data-id=\"996de69\" data-element_type=\"container\" data-settings=\"{&quot;content_width&quot;:&quot;boxed&quot;}\">\n\t\t\t\t\t<div class=\"e-con-inner\">\n\t\t<div class=\"elementor-element elementor-element-d5b6bf1 e-con-full e-flex wpr-particle-no wpr-jarallax-no wpr-parallax-no wpr-sticky-section-no e-con\" data-id=\"d5b6bf1\" data-element_type=\"container\" data-settings=\"{&quot;content_width&quot;:&quot;full&quot;}\">\n\t\t\t\t<div class=\"elementor-element elementor-element-d5d0efd elementor-widget elementor-widget-image\" data-id=\"d5d0efd\" data-element_type=\"widget\" data-widget_type=\"image.default\">\n\t\t\t\t<div class=\"elementor-widget-container\">\n\t\t\t\t\t\t\t\t\t\t\t\t\t\t\t<img loading=\"lazy\" decoding=\"async\" width=\"800\" height=\"534\" src=\"https:\/\/fer-et-pierre.com\/blog\/wp-content\/uploads\/2025\/04\/tracer-le-cheminn-1024x683.webp\" class=\"attachment-large size-large wp-image-1565\" alt=\"Un jardinier tra\u00e7ant l\u2019emplacement d\u2019un chemin de pas japonais sur une pelouse, pr\u00e9paration du sol avant la pose des dalles en pierre naturelle pour cr\u00e9er une all\u00e9e harmonieuse dans le jardin\" srcset=\"https:\/\/fer-et-pierre.com\/blog\/wp-content\/uploads\/2025\/04\/tracer-le-cheminn-1024x683.webp 1024w, https:\/\/fer-et-pierre.com\/blog\/wp-content\/uploads\/2025\/04\/tracer-le-cheminn-300x200.webp 300w, https:\/\/fer-et-pierre.com\/blog\/wp-content\/uploads\/2025\/04\/tracer-le-cheminn-768x512.webp 768w, https:\/\/fer-et-pierre.com\/blog\/wp-content\/uploads\/2025\/04\/tracer-le-cheminn.webp 1536w\" sizes=\"auto, (max-width: 800px) 100vw, 800px\" \/>\t\t\t\t\t\t\t\t\t\t\t\t\t\t\t<\/div>\n\t\t\t\t<\/div>\n\t\t\t\t<div class=\"elementor-element elementor-element-5d9472b elementor-widget elementor-widget-heading\" data-id=\"5d9472b\" data-element_type=\"widget\" data-widget_type=\"heading.default\">\n\t\t\t\t<div class=\"elementor-widget-container\">\n\t\t\t<h4 class=\"elementor-heading-title elementor-size-default\">Tracer le chemin<\/h4>\t\t<\/div>\n\t\t\t\t<\/div>\n\t\t\t\t<div class=\"elementor-element elementor-element-7ed7fab elementor-widget elementor-widget-text-editor\" data-id=\"7ed7fab\" data-element_type=\"widget\" data-widget_type=\"text-editor.default\">\n\t\t\t\t<div class=\"elementor-widget-container\">\n\t\t\t\t\t\t\t<p>Avec des pierres pos\u00e9es \u00e0 blanc pour tester le rythme.<\/p>\t\t\t\t\t\t<\/div>\n\t\t\t\t<\/div>\n\t\t\t\t<\/div>\n\t\t<div class=\"elementor-element elementor-element-1313128 e-con-full e-flex wpr-particle-no wpr-jarallax-no wpr-parallax-no wpr-sticky-section-no e-con\" data-id=\"1313128\" data-element_type=\"container\" data-settings=\"{&quot;content_width&quot;:&quot;full&quot;}\">\n\t\t\t\t<div class=\"elementor-element elementor-element-84235b7 elementor-widget elementor-widget-image\" data-id=\"84235b7\" data-element_type=\"widget\" data-widget_type=\"image.default\">\n\t\t\t\t<div class=\"elementor-widget-container\">\n\t\t\t\t\t\t\t\t\t\t\t\t\t\t\t<img loading=\"lazy\" decoding=\"async\" width=\"800\" height=\"534\" src=\"https:\/\/fer-et-pierre.com\/blog\/wp-content\/uploads\/2025\/04\/Espacement-pas-japonais-1024x683.webp\" class=\"attachment-large size-large wp-image-1567\" alt=\"All\u00e9e de pas japonais espac\u00e9s r\u00e9guli\u00e8rement sur une pelouse verdoyante, illustrant l\u2019espacement id\u00e9al entre chaque dalle pour un chemin harmonieux et confortable \u00e0 travers un jardin paysager\" srcset=\"https:\/\/fer-et-pierre.com\/blog\/wp-content\/uploads\/2025\/04\/Espacement-pas-japonais-1024x683.webp 1024w, https:\/\/fer-et-pierre.com\/blog\/wp-content\/uploads\/2025\/04\/Espacement-pas-japonais-300x200.webp 300w, https:\/\/fer-et-pierre.com\/blog\/wp-content\/uploads\/2025\/04\/Espacement-pas-japonais-768x512.webp 768w, https:\/\/fer-et-pierre.com\/blog\/wp-content\/uploads\/2025\/04\/Espacement-pas-japonais.webp 1536w\" sizes=\"auto, (max-width: 800px) 100vw, 800px\" \/>\t\t\t\t\t\t\t\t\t\t\t\t\t\t\t<\/div>\n\t\t\t\t<\/div>\n\t\t\t\t<div class=\"elementor-element elementor-element-5a6b4ea elementor-widget elementor-widget-heading\" data-id=\"5a6b4ea\" data-element_type=\"widget\" data-widget_type=\"heading.default\">\n\t\t\t\t<div class=\"elementor-widget-container\">\n\t\t\t<h4 class=\"elementor-heading-title elementor-size-default\">Espacement id\u00e9al\u200b<\/h4>\t\t<\/div>\n\t\t\t\t<\/div>\n\t\t\t\t<div class=\"elementor-element elementor-element-7e1766c elementor-widget elementor-widget-text-editor\" data-id=\"7e1766c\" data-element_type=\"widget\" data-widget_type=\"text-editor.default\">\n\t\t\t\t<div class=\"elementor-widget-container\">\n\t\t\t\t\t\t\t<p>50 \u00e0 60 cm&nbsp;d\u2019axe entre les pas ; exemple sur des pas japonais de 30cm de profondeur ; un espace de 20 \u00e0 30 cm&nbsp;entre chaque dalle.<\/p>\t\t\t\t\t\t<\/div>\n\t\t\t\t<\/div>\n\t\t\t\t<\/div>\n\t\t<div class=\"elementor-element elementor-element-ad09c2e e-con-full e-flex wpr-particle-no wpr-jarallax-no wpr-parallax-no wpr-sticky-section-no e-con\" data-id=\"ad09c2e\" data-element_type=\"container\" data-settings=\"{&quot;content_width&quot;:&quot;full&quot;}\">\n\t\t\t\t<div class=\"elementor-element elementor-element-510585b elementor-widget elementor-widget-image\" data-id=\"510585b\" data-element_type=\"widget\" data-widget_type=\"image.default\">\n\t\t\t\t<div class=\"elementor-widget-container\">\n\t\t\t\t\t\t\t\t\t\t\t\t\t\t\t<img loading=\"lazy\" decoding=\"async\" width=\"800\" height=\"534\" src=\"https:\/\/fer-et-pierre.com\/blog\/wp-content\/uploads\/2025\/04\/creuser-pas-japonais--1024x683.webp\" class=\"attachment-large size-large wp-image-1568\" alt=\"Jardinier en train de creuser la forme d\u2019une dalle pour poser un pas japonais sur une pelouse, avec une pelle et une dalle en pierre naturelle \u00e0 proximit\u00e9, illustrant l\u2019\u00e9tape de pr\u00e9paration du sol dans un am\u00e9nagement paysager.\" srcset=\"https:\/\/fer-et-pierre.com\/blog\/wp-content\/uploads\/2025\/04\/creuser-pas-japonais--1024x683.webp 1024w, https:\/\/fer-et-pierre.com\/blog\/wp-content\/uploads\/2025\/04\/creuser-pas-japonais--300x200.webp 300w, https:\/\/fer-et-pierre.com\/blog\/wp-content\/uploads\/2025\/04\/creuser-pas-japonais--768x512.webp 768w, https:\/\/fer-et-pierre.com\/blog\/wp-content\/uploads\/2025\/04\/creuser-pas-japonais-.webp 1536w\" sizes=\"auto, (max-width: 800px) 100vw, 800px\" \/>\t\t\t\t\t\t\t\t\t\t\t\t\t\t\t<\/div>\n\t\t\t\t<\/div>\n\t\t\t\t<div class=\"elementor-element elementor-element-63615b7 elementor-widget elementor-widget-heading\" data-id=\"63615b7\" data-element_type=\"widget\" data-widget_type=\"heading.default\">\n\t\t\t\t<div class=\"elementor-widget-container\">\n\t\t\t<h4 class=\"elementor-heading-title elementor-size-default\">La forme de la dalle\u200b<\/h4>\t\t<\/div>\n\t\t\t\t<\/div>\n\t\t\t\t<div class=\"elementor-element elementor-element-1831854 elementor-widget elementor-widget-text-editor\" data-id=\"1831854\" data-element_type=\"widget\" data-widget_type=\"text-editor.default\">\n\t\t\t\t<div class=\"elementor-widget-container\">\n\t\t\t\t\t\t\t<p>Profondeur = \u00e9paisseur de la pierre + 5 cm.\u00a0Caler quelques dalles si besoin avec un peu de sable ou autre afin de les stabiliser.<\/p>\t\t\t\t\t\t<\/div>\n\t\t\t\t<\/div>\n\t\t\t\t<\/div>\n\t\t\t\t\t<\/div>\n\t\t\t\t<\/div>\n\t\t<div class=\"elementor-element elementor-element-7eef435 e-flex e-con-boxed wpr-particle-no wpr-jarallax-no wpr-parallax-no wpr-sticky-section-no e-con\" data-id=\"7eef435\" data-element_type=\"container\" data-settings=\"{&quot;content_width&quot;:&quot;boxed&quot;}\">\n\t\t\t\t\t<div class=\"e-con-inner\">\n\t\t\t\t<div class=\"elementor-element elementor-element-3a9bab0 elementor-align-center elementor-widget elementor-widget-button\" data-id=\"3a9bab0\" data-element_type=\"widget\" data-widget_type=\"button.default\">\n\t\t\t\t<div class=\"elementor-widget-container\">\n\t\t\t\t\t<div class=\"elementor-button-wrapper\">\n\t\t\t<a class=\"elementor-button elementor-button-link elementor-size-sm\" href=\"https:\/\/fer-et-pierre.com\/253-pas-japonais\" target=\"_blank\">\n\t\t\t\t\t\t<span class=\"elementor-button-content-wrapper\">\n\t\t\t\t\t\t<span class=\"elementor-button-text\">NOS PAS JAPONAIS<\/span>\n\t\t<\/span>\n\t\t\t\t\t<\/a>\n\t\t<\/div>\n\t\t\t\t<\/div>\n\t\t\t\t<\/div>\n\t\t\t\t\t<\/div>\n\t\t\t\t<\/div>\n\t\t<div class=\"elementor-element elementor-element-8a8e984 e-flex e-con-boxed wpr-particle-no wpr-jarallax-no wpr-parallax-no wpr-sticky-section-no e-con\" data-id=\"8a8e984\" data-element_type=\"container\" data-settings=\"{&quot;content_width&quot;:&quot;boxed&quot;}\">\n\t\t\t\t\t<div class=\"e-con-inner\">\n\t\t<div class=\"elementor-element elementor-element-f385c0c e-con-full e-flex wpr-particle-no wpr-jarallax-no wpr-parallax-no wpr-sticky-section-no e-con\" data-id=\"f385c0c\" data-element_type=\"container\" data-settings=\"{&quot;content_width&quot;:&quot;full&quot;}\">\n\t\t\t\t<div class=\"elementor-element elementor-element-eb1c592 elementor-widget elementor-widget-image\" data-id=\"eb1c592\" data-element_type=\"widget\" data-widget_type=\"image.default\">\n\t\t\t\t<div class=\"elementor-widget-container\">\n\t\t\t\t\t\t\t\t\t\t\t\t\t\t\t<img loading=\"lazy\" decoding=\"async\" width=\"800\" height=\"534\" src=\"https:\/\/fer-et-pierre.com\/blog\/wp-content\/uploads\/2025\/04\/geotexti-1024x683.webp\" class=\"attachment-large size-large wp-image-1569\" alt=\"Jardinier posant un g\u00e9otextile noir sous des pas japonais pour emp\u00eacher la repousse des mauvaises herbes, lors de l\u2019installation d\u2019un chemin sur une pelouse dans un am\u00e9nagement paysager\" srcset=\"https:\/\/fer-et-pierre.com\/blog\/wp-content\/uploads\/2025\/04\/geotexti-1024x683.webp 1024w, https:\/\/fer-et-pierre.com\/blog\/wp-content\/uploads\/2025\/04\/geotexti-300x200.webp 300w, https:\/\/fer-et-pierre.com\/blog\/wp-content\/uploads\/2025\/04\/geotexti-768x512.webp 768w, https:\/\/fer-et-pierre.com\/blog\/wp-content\/uploads\/2025\/04\/geotexti.webp 1536w\" sizes=\"auto, (max-width: 800px) 100vw, 800px\" \/>\t\t\t\t\t\t\t\t\t\t\t\t\t\t\t<\/div>\n\t\t\t\t<\/div>\n\t\t\t\t<div class=\"elementor-element elementor-element-3f31904 elementor-widget elementor-widget-heading\" data-id=\"3f31904\" data-element_type=\"widget\" data-widget_type=\"heading.default\">\n\t\t\t\t<div class=\"elementor-widget-container\">\n\t\t\t<h4 class=\"elementor-heading-title elementor-size-default\">G\u00e9otextile: stop repousse<\/h4>\t\t<\/div>\n\t\t\t\t<\/div>\n\t\t\t\t<div class=\"elementor-element elementor-element-4613f52 elementor-widget elementor-widget-text-editor\" data-id=\"4613f52\" data-element_type=\"widget\" data-widget_type=\"text-editor.default\">\n\t\t\t\t<div class=\"elementor-widget-container\">\n\t\t\t\t\t\t\t<p>\u00c9liminer les feuilles de pierre encore pr\u00e9sentes du clivage de la dalle.\u00a0<\/p>\t\t\t\t\t\t<\/div>\n\t\t\t\t<\/div>\n\t\t\t\t<\/div>\n\t\t<div class=\"elementor-element elementor-element-6eca4e2 e-con-full e-flex wpr-particle-no wpr-jarallax-no wpr-parallax-no wpr-sticky-section-no e-con\" data-id=\"6eca4e2\" data-element_type=\"container\" data-settings=\"{&quot;content_width&quot;:&quot;full&quot;}\">\n\t\t\t\t<div class=\"elementor-element elementor-element-2450781 elementor-widget elementor-widget-image\" data-id=\"2450781\" data-element_type=\"widget\" data-widget_type=\"image.default\">\n\t\t\t\t<div class=\"elementor-widget-container\">\n\t\t\t\t\t\t\t\t\t\t\t\t\t\t\t<img loading=\"lazy\" decoding=\"async\" width=\"800\" height=\"534\" src=\"https:\/\/fer-et-pierre.com\/blog\/wp-content\/uploads\/2025\/04\/nettoyagee-1024x683.webp\" class=\"attachment-large size-large wp-image-1571\" alt=\"Personne nettoyant une dalle de pas japonais en pierre avec un chiffon et un produit hydrofuge adapt\u00e9, afin de prot\u00e9ger la surface contre l\u2019humidit\u00e9 et les salissures dans un jardin paysager\" srcset=\"https:\/\/fer-et-pierre.com\/blog\/wp-content\/uploads\/2025\/04\/nettoyagee-1024x683.webp 1024w, https:\/\/fer-et-pierre.com\/blog\/wp-content\/uploads\/2025\/04\/nettoyagee-300x200.webp 300w, https:\/\/fer-et-pierre.com\/blog\/wp-content\/uploads\/2025\/04\/nettoyagee-768x512.webp 768w, https:\/\/fer-et-pierre.com\/blog\/wp-content\/uploads\/2025\/04\/nettoyagee.webp 1536w\" sizes=\"auto, (max-width: 800px) 100vw, 800px\" \/>\t\t\t\t\t\t\t\t\t\t\t\t\t\t\t<\/div>\n\t\t\t\t<\/div>\n\t\t\t\t<div class=\"elementor-element elementor-element-7967806 elementor-widget elementor-widget-heading\" data-id=\"7967806\" data-element_type=\"widget\" data-widget_type=\"heading.default\">\n\t\t\t\t<div class=\"elementor-widget-container\">\n\t\t\t<h4 class=\"elementor-heading-title elementor-size-default\">Ajouter 5cm du sable\u200b<\/h4>\t\t<\/div>\n\t\t\t\t<\/div>\n\t\t\t\t<div class=\"elementor-element elementor-element-75d85c5 elementor-widget elementor-widget-text-editor\" data-id=\"75d85c5\" data-element_type=\"widget\" data-widget_type=\"text-editor.default\">\n\t\t\t\t<div class=\"elementor-widget-container\">\n\t\t\t\t\t\t\t<p>Nettoyer vos pierres puis prot\u00e9ger les avec l\u2019hydrofuge adapt\u00e9.\u00a0<\/p>\t\t\t\t\t\t<\/div>\n\t\t\t\t<\/div>\n\t\t\t\t<\/div>\n\t\t\t\t\t<\/div>\n\t\t\t\t<\/div>\n\t\t<div class=\"elementor-element elementor-element-3a76f4c e-flex e-con-boxed wpr-particle-no wpr-jarallax-no wpr-parallax-no wpr-sticky-section-no e-con\" data-id=\"3a76f4c\" data-element_type=\"container\" data-settings=\"{&quot;content_width&quot;:&quot;boxed&quot;}\">\n\t\t\t\t\t<div class=\"e-con-inner\">\n\t\t\t\t<div class=\"elementor-element elementor-element-be50031 elementor-widget elementor-widget-heading\" data-id=\"be50031\" data-element_type=\"widget\" data-widget_type=\"heading.default\">\n\t\t\t\t<div class=\"elementor-widget-container\">\n\t\t\t<h2 class=\"elementor-heading-title elementor-size-default\">Une pose facile, rapide et naturelle des pas japonais<\/h2>\t\t<\/div>\n\t\t\t\t<\/div>\n\t\t\t\t\t<\/div>\n\t\t\t\t<\/div>\n\t\t<div class=\"elementor-element elementor-element-b9d0b97 e-flex e-con-boxed wpr-particle-no wpr-jarallax-no wpr-parallax-no wpr-sticky-section-no e-con\" data-id=\"b9d0b97\" data-element_type=\"container\" data-settings=\"{&quot;content_width&quot;:&quot;boxed&quot;}\">\n\t\t\t\t\t<div class=\"e-con-inner\">\n\t\t\t\t<div class=\"elementor-element elementor-element-e098d67 elementor-widget elementor-widget-text-editor\" data-id=\"e098d67\" data-element_type=\"widget\" data-widget_type=\"text-editor.default\">\n\t\t\t\t<div class=\"elementor-widget-container\">\n\t\t\t\t\t\t\t<p>Bonne nouvelle : poser des pas japonais <b>est tr\u00e8s simple,<\/b> m\u00eame pour les d\u00e9butants !<\/p>\t\t\t\t\t\t<\/div>\n\t\t\t\t<\/div>\n\t\t\t\t<div class=\"elementor-element elementor-element-c78a82b elementor-widget elementor-widget-text-editor\" data-id=\"c78a82b\" data-element_type=\"widget\" data-widget_type=\"text-editor.default\">\n\t\t\t\t<div class=\"elementor-widget-container\">\n\t\t\t\t\t\t\t<p>Il suffit de les poser <b>directement sur la terre<\/b>, avec un peu de sable dessous pour les caler. Aucune colle, aucun b\u00e9ton : juste une base stable et naturelle. Cette m\u00e9thode permet une installation <b>rapide, durable et esth\u00e9tique<\/b>.<\/p>\t\t\t\t\t\t<\/div>\n\t\t\t\t<\/div>\n\t\t\t\t<div class=\"elementor-element elementor-element-02bede6 elementor-widget elementor-widget-text-editor\" data-id=\"02bede6\" data-element_type=\"widget\" data-widget_type=\"text-editor.default\">\n\t\t\t\t<div class=\"elementor-widget-container\">\n\t\t\t\t\t\t\t<p>C\u2019est aussi un excellent argument \u00e0 mettre en avant aupr\u00e8s de vos clients : <b>rapide, facile et sans travaux lourds !<\/b><\/p>\t\t\t\t\t\t<\/div>\n\t\t\t\t<\/div>\n\t\t\t\t<div class=\"elementor-element elementor-element-437e81c elementor-icon-list--layout-traditional elementor-list-item-link-full_width elementor-widget elementor-widget-icon-list\" data-id=\"437e81c\" data-element_type=\"widget\" data-widget_type=\"icon-list.default\">\n\t\t\t\t<div class=\"elementor-widget-container\">\n\t\t\t\t\t<ul class=\"elementor-icon-list-items\">\n\t\t\t\t\t\t\t<li class=\"elementor-icon-list-item\">\n\t\t\t\t\t\t\t\t\t\t\t<span class=\"elementor-icon-list-icon\">\n\t\t\t\t\t\t\t<i aria-hidden=\"true\" class=\"fas fa-check-circle\"><\/i>\t\t\t\t\t\t<\/span>\n\t\t\t\t\t\t\t\t\t\t<span class=\"elementor-icon-list-text\">Poser la dalle dans son emplacement<\/span>\n\t\t\t\t\t\t\t\t\t<\/li>\n\t\t\t\t\t\t\t\t<li class=\"elementor-icon-list-item\">\n\t\t\t\t\t\t\t\t\t\t\t<span class=\"elementor-icon-list-icon\">\n\t\t\t\t\t\t\t<i aria-hidden=\"true\" class=\"fas fa-check-circle\"><\/i>\t\t\t\t\t\t<\/span>\n\t\t\t\t\t\t\t\t\t\t<span class=\"elementor-icon-list-text\">Ajuster le niveau avec du sable<\/span>\n\t\t\t\t\t\t\t\t\t<\/li>\n\t\t\t\t\t\t\t\t<li class=\"elementor-icon-list-item\">\n\t\t\t\t\t\t\t\t\t\t\t<span class=\"elementor-icon-list-icon\">\n\t\t\t\t\t\t\t<i aria-hidden=\"true\" class=\"fas fa-check-circle\"><\/i>\t\t\t\t\t\t<\/span>\n\t\t\t\t\t\t\t\t\t\t<span class=\"elementor-icon-list-text\">Taper l\u00e9g\u00e8rement avec un maillet<\/span>\n\t\t\t\t\t\t\t\t\t<\/li>\n\t\t\t\t\t\t\t\t<li class=\"elementor-icon-list-item\">\n\t\t\t\t\t\t\t\t\t\t\t<span class=\"elementor-icon-list-icon\">\n\t\t\t\t\t\t\t<i aria-hidden=\"true\" class=\"fas fa-check-circle\"><\/i>\t\t\t\t\t\t<\/span>\n\t\t\t\t\t\t\t\t\t\t<span class=\"elementor-icon-list-text\">Remplir les contours avec de la terre ou du gravier<\/span>\n\t\t\t\t\t\t\t\t\t<\/li>\n\t\t\t\t\t\t\t\t<li class=\"elementor-icon-list-item\">\n\t\t\t\t\t\t\t\t\t\t\t<span class=\"elementor-icon-list-icon\">\n\t\t\t\t\t\t\t<i aria-hidden=\"true\" class=\"fas fa-check-circle\"><\/i>\t\t\t\t\t\t<\/span>\n\t\t\t\t\t\t\t\t\t\t<span class=\"elementor-icon-list-text\">R\u00e9p\u00e9ter l\u2019op\u00e9ration en v\u00e9rifiant l\u2019alignement<\/span>\n\t\t\t\t\t\t\t\t\t<\/li>\n\t\t\t\t\t\t<\/ul>\n\t\t\t\t<\/div>\n\t\t\t\t<\/div>\n\t\t\t\t<div class=\"elementor-element elementor-element-a790fe2 elementor-icon-list--layout-traditional elementor-list-item-link-full_width elementor-widget elementor-widget-icon-list\" data-id=\"a790fe2\" data-element_type=\"widget\" data-widget_type=\"icon-list.default\">\n\t\t\t\t<div class=\"elementor-widget-container\">\n\t\t\t\t\t<ul class=\"elementor-icon-list-items\">\n\t\t\t\t\t\t\t<li class=\"elementor-icon-list-item\">\n\t\t\t\t\t\t\t\t\t\t\t<span class=\"elementor-icon-list-icon\">\n\t\t\t\t\t\t\t<i aria-hidden=\"true\" class=\"fas fa-lightbulb\"><\/i>\t\t\t\t\t\t<\/span>\n\t\t\t\t\t\t\t\t\t\t<span class=\"elementor-icon-list-text\"><b><i>Astuce zen :<\/i> optez pour un nombre impair de dalles (3, 5, 7\u2026) pour un effet plus naturel.<\/b><\/span>\n\t\t\t\t\t\t\t\t\t<\/li>\n\t\t\t\t\t\t<\/ul>\n\t\t\t\t<\/div>\n\t\t\t\t<\/div>\n\t\t\t\t\t<\/div>\n\t\t\t\t<\/div>\n\t\t<div class=\"elementor-element elementor-element-c2ab608 e-flex e-con-boxed wpr-particle-no wpr-jarallax-no wpr-parallax-no wpr-sticky-section-no e-con\" data-id=\"c2ab608\" data-element_type=\"container\" data-settings=\"{&quot;content_width&quot;:&quot;boxed&quot;}\">\n\t\t\t\t\t<div class=\"e-con-inner\">\n\t\t\t\t<div class=\"elementor-element elementor-element-6852c8a elementor-widget elementor-widget-heading\" data-id=\"6852c8a\" data-element_type=\"widget\" data-widget_type=\"heading.default\">\n\t\t\t\t<div class=\"elementor-widget-container\">\n\t\t\t<h2 class=\"elementor-heading-title elementor-size-default\">Nos mod\u00e8les & dimensions disponibles\n<\/h2>\t\t<\/div>\n\t\t\t\t<\/div>\n\t\t\t\t<div class=\"elementor-element elementor-element-590022d elementor-widget elementor-widget-text-editor\" data-id=\"590022d\" data-element_type=\"widget\" data-widget_type=\"text-editor.default\">\n\t\t\t\t<div class=\"elementor-widget-container\">\n\t\t\t\t\t\t\tChez Fer &#038; Pierre, nous vous proposons :\n\t\t\t\t\t\t<\/div>\n\t\t\t\t<\/div>\n\t\t\t\t<div class=\"elementor-element elementor-element-65eebdd elementor-widget elementor-widget-text-editor\" data-id=\"65eebdd\" data-element_type=\"widget\" data-widget_type=\"text-editor.default\">\n\t\t\t\t<div class=\"elementor-widget-container\">\n\t\t\t\t\t\t\t<p>Des pas japonais en pierre naturelle Kandla, un gr\u00e8s venu d\u2019Inde d\u00e9clin\u00e9s en <b>3 coloris \u00e9l\u00e9gants<\/b>.<\/p>\t\t\t\t\t\t<\/div>\n\t\t\t\t<\/div>\n\t\t\t\t\t<\/div>\n\t\t\t\t<\/div>\n\t\t<div class=\"elementor-element elementor-element-70ebed1 e-flex e-con-boxed wpr-particle-no wpr-jarallax-no wpr-parallax-no wpr-sticky-section-no e-con\" data-id=\"70ebed1\" data-element_type=\"container\" data-settings=\"{&quot;content_width&quot;:&quot;boxed&quot;}\">\n\t\t\t\t\t<div class=\"e-con-inner\">\n\t\t<div class=\"elementor-element elementor-element-3e8ee89 e-con-full e-flex wpr-particle-no wpr-jarallax-no wpr-parallax-no wpr-sticky-section-no e-con\" data-id=\"3e8ee89\" data-element_type=\"container\" data-settings=\"{&quot;content_width&quot;:&quot;full&quot;}\">\n\t\t\t\t<div class=\"elementor-element elementor-element-4c74d1e elementor-widget elementor-widget-image\" data-id=\"4c74d1e\" data-element_type=\"widget\" data-widget_type=\"image.default\">\n\t\t\t\t<div class=\"elementor-widget-container\">\n\t\t\t\t\t\t\t\t\t\t\t\t\t\t\t\t<a href=\"https:\/\/fer-et-pierre.com\/1776-pas-japonais-paillis-80x30cm-epaisseur-35cm-multicolore.html\" target=\"_blank\">\n\t\t\t\t\t\t\t<img loading=\"lazy\" decoding=\"async\" width=\"800\" height=\"800\" src=\"https:\/\/fer-et-pierre.com\/blog\/wp-content\/uploads\/2025\/04\/Paillis-Gres-Kandla-Multicolore.webp\" class=\"attachment-large size-large wp-image-1591\" alt=\"Gr\u00e8s Kandla multicolore dispos\u00e9 verticalement sur un lit de gravier noir, en format carr\u00e9, mettant en valeur les textures brutes et les teintes naturelles de la pierre\" srcset=\"https:\/\/fer-et-pierre.com\/blog\/wp-content\/uploads\/2025\/04\/Paillis-Gres-Kandla-Multicolore.webp 1024w, https:\/\/fer-et-pierre.com\/blog\/wp-content\/uploads\/2025\/04\/Paillis-Gres-Kandla-Multicolore-300x300.webp 300w, https:\/\/fer-et-pierre.com\/blog\/wp-content\/uploads\/2025\/04\/Paillis-Gres-Kandla-Multicolore-150x150.webp 150w, https:\/\/fer-et-pierre.com\/blog\/wp-content\/uploads\/2025\/04\/Paillis-Gres-Kandla-Multicolore-768x768.webp 768w\" sizes=\"auto, (max-width: 800px) 100vw, 800px\" \/>\t\t\t\t\t\t\t\t<\/a>\n\t\t\t\t\t\t\t\t\t\t\t\t\t\t\t<\/div>\n\t\t\t\t<\/div>\n\t\t\t\t<div class=\"elementor-element elementor-element-6d94b46 elementor-widget elementor-widget-heading\" data-id=\"6d94b46\" data-element_type=\"widget\" data-widget_type=\"heading.default\">\n\t\t\t\t<div class=\"elementor-widget-container\">\n\t\t\t<h4 class=\"elementor-heading-title elementor-size-default\"><a href=\"https:\/\/fer-et-pierre.com\/1776-pas-japonais-paillis-80x30cm-epaisseur-35cm-multicolore.html\" target=\"_blank\">Paillis Gr\u00e8s Kandla Multicolor<\/a><\/h4>\t\t<\/div>\n\t\t\t\t<\/div>\n\t\t\t\t<div class=\"elementor-element elementor-element-84a3147 elementor-widget elementor-widget-text-editor\" data-id=\"84a3147\" data-element_type=\"widget\" data-widget_type=\"text-editor.default\">\n\t\t\t\t<div class=\"elementor-widget-container\">\n\t\t\t\t\t\t\t<p>Bord \u00e9clat\u00e9 &#8211; 80x30cm &#8211; 3\/5cm &#8211; Cliv\u00e9<\/p>\t\t\t\t\t\t<\/div>\n\t\t\t\t<\/div>\n\t\t\t\t<\/div>\n\t\t<div class=\"elementor-element elementor-element-8a9d07c e-con-full e-flex wpr-particle-no wpr-jarallax-no wpr-parallax-no wpr-sticky-section-no e-con\" data-id=\"8a9d07c\" data-element_type=\"container\" data-settings=\"{&quot;content_width&quot;:&quot;full&quot;}\">\n\t\t\t\t<div class=\"elementor-element elementor-element-7a20f31 elementor-widget elementor-widget-image\" data-id=\"7a20f31\" data-element_type=\"widget\" data-widget_type=\"image.default\">\n\t\t\t\t<div class=\"elementor-widget-container\">\n\t\t\t\t\t\t\t\t\t\t\t\t\t\t\t\t<a href=\"https:\/\/fer-et-pierre.com\/1777-pas-japonais-paillis-80x30cm-epaisseur-35cm-grise.html\" target=\"_blank\">\n\t\t\t\t\t\t\t<img loading=\"lazy\" decoding=\"async\" width=\"800\" height=\"800\" src=\"https:\/\/fer-et-pierre.com\/blog\/wp-content\/uploads\/2025\/04\/Paillis-Gres-Kandla-Gris\u200b.webp\" class=\"attachment-large size-large wp-image-1579\" alt=\"Chemin en gr\u00e8s Kandla gris compos\u00e9 de dalles rectangulaires pos\u00e9es sur du paillis de gravier gris fonc\u00e9, cr\u00e9ant un am\u00e9nagement ext\u00e9rieur moderne et structur\u00e9\" srcset=\"https:\/\/fer-et-pierre.com\/blog\/wp-content\/uploads\/2025\/04\/Paillis-Gres-Kandla-Gris\u200b.webp 1024w, https:\/\/fer-et-pierre.com\/blog\/wp-content\/uploads\/2025\/04\/Paillis-Gres-Kandla-Gris\u200b-300x300.webp 300w, https:\/\/fer-et-pierre.com\/blog\/wp-content\/uploads\/2025\/04\/Paillis-Gres-Kandla-Gris\u200b-150x150.webp 150w, https:\/\/fer-et-pierre.com\/blog\/wp-content\/uploads\/2025\/04\/Paillis-Gres-Kandla-Gris\u200b-768x768.webp 768w\" sizes=\"auto, (max-width: 800px) 100vw, 800px\" \/>\t\t\t\t\t\t\t\t<\/a>\n\t\t\t\t\t\t\t\t\t\t\t\t\t\t\t<\/div>\n\t\t\t\t<\/div>\n\t\t\t\t<div class=\"elementor-element elementor-element-8d1c6b0 elementor-widget elementor-widget-heading\" data-id=\"8d1c6b0\" data-element_type=\"widget\" data-widget_type=\"heading.default\">\n\t\t\t\t<div class=\"elementor-widget-container\">\n\t\t\t<h4 class=\"elementor-heading-title elementor-size-default\"><a href=\"https:\/\/fer-et-pierre.com\/1777-pas-japonais-paillis-80x30cm-epaisseur-35cm-grise.html\" target=\"_blank\">Paillis Gr\u00e8s Kandla Gris<\/a><\/h4>\t\t<\/div>\n\t\t\t\t<\/div>\n\t\t\t\t<div class=\"elementor-element elementor-element-7a674d0 elementor-widget elementor-widget-text-editor\" data-id=\"7a674d0\" data-element_type=\"widget\" data-widget_type=\"text-editor.default\">\n\t\t\t\t<div class=\"elementor-widget-container\">\n\t\t\t\t\t\t\t Bord \u00e9clat\u00e9 &#8211; 80x30cm &#8211; 3\/5cm &#8211; Cliv\u00e9\t\t\t\t\t\t<\/div>\n\t\t\t\t<\/div>\n\t\t\t\t<\/div>\n\t\t<div class=\"elementor-element elementor-element-9e45bf3 e-con-full e-flex wpr-particle-no wpr-jarallax-no wpr-parallax-no wpr-sticky-section-no e-con\" data-id=\"9e45bf3\" data-element_type=\"container\" data-settings=\"{&quot;content_width&quot;:&quot;full&quot;}\">\n\t\t\t\t<div class=\"elementor-element elementor-element-a7d38e2 elementor-widget elementor-widget-image\" data-id=\"a7d38e2\" data-element_type=\"widget\" data-widget_type=\"image.default\">\n\t\t\t\t<div class=\"elementor-widget-container\">\n\t\t\t\t\t\t\t\t\t\t\t\t\t\t\t\t<a href=\"https:\/\/fer-et-pierre.com\/1778-pas-japonais-paillis-80x30cm-epaisseur-35cm-beige.html\" target=\"_blank\">\n\t\t\t\t\t\t\t<img loading=\"lazy\" decoding=\"async\" width=\"800\" height=\"800\" src=\"https:\/\/fer-et-pierre.com\/blog\/wp-content\/uploads\/2025\/04\/Paillis-Gres-Kandla-Beige_.webp\" class=\"attachment-large size-large wp-image-1580\" alt=\"Kandla beige compos\u00e9 de dalles rectangulaires pos\u00e9es sur un lit de gravier noir, cr\u00e9ant un contraste naturel et \u00e9l\u00e9gant dans un am\u00e9nagement de jardin moderne\" srcset=\"https:\/\/fer-et-pierre.com\/blog\/wp-content\/uploads\/2025\/04\/Paillis-Gres-Kandla-Beige_.webp 1024w, https:\/\/fer-et-pierre.com\/blog\/wp-content\/uploads\/2025\/04\/Paillis-Gres-Kandla-Beige_-300x300.webp 300w, https:\/\/fer-et-pierre.com\/blog\/wp-content\/uploads\/2025\/04\/Paillis-Gres-Kandla-Beige_-150x150.webp 150w, https:\/\/fer-et-pierre.com\/blog\/wp-content\/uploads\/2025\/04\/Paillis-Gres-Kandla-Beige_-768x768.webp 768w\" sizes=\"auto, (max-width: 800px) 100vw, 800px\" \/>\t\t\t\t\t\t\t\t<\/a>\n\t\t\t\t\t\t\t\t\t\t\t\t\t\t\t<\/div>\n\t\t\t\t<\/div>\n\t\t\t\t<div class=\"elementor-element elementor-element-ce609e9 elementor-widget elementor-widget-heading\" data-id=\"ce609e9\" data-element_type=\"widget\" data-widget_type=\"heading.default\">\n\t\t\t\t<div class=\"elementor-widget-container\">\n\t\t\t<h4 class=\"elementor-heading-title elementor-size-default\"><a href=\"https:\/\/fer-et-pierre.com\/1778-pas-japonais-paillis-80x30cm-epaisseur-35cm-beige.html\" target=\"_blank\">Paillis Gr\u00e8s Kandla Beige<\/a><\/h4>\t\t<\/div>\n\t\t\t\t<\/div>\n\t\t\t\t<div class=\"elementor-element elementor-element-63ce3fc elementor-widget elementor-widget-text-editor\" data-id=\"63ce3fc\" data-element_type=\"widget\" data-widget_type=\"text-editor.default\">\n\t\t\t\t<div class=\"elementor-widget-container\">\n\t\t\t\t\t\t\t Bord \u00e9clat\u00e9 &#8211; 80x30cm &#8211; 3\/5cm &#8211; Cliv\u00e9\t\t\t\t\t\t<\/div>\n\t\t\t\t<\/div>\n\t\t\t\t<\/div>\n\t\t\t\t\t<\/div>\n\t\t\t\t<\/div>\n\t\t<div class=\"elementor-element elementor-element-92d0d09 e-flex e-con-boxed wpr-particle-no wpr-jarallax-no wpr-parallax-no wpr-sticky-section-no e-con\" data-id=\"92d0d09\" data-element_type=\"container\" data-settings=\"{&quot;content_width&quot;:&quot;boxed&quot;}\">\n\t\t\t\t\t<div class=\"e-con-inner\">\n\t\t\t\t<div class=\"elementor-element elementor-element-aee7d56 elementor-align-center elementor-widget elementor-widget-button\" data-id=\"aee7d56\" data-element_type=\"widget\" data-widget_type=\"button.default\">\n\t\t\t\t<div class=\"elementor-widget-container\">\n\t\t\t\t\t<div class=\"elementor-button-wrapper\">\n\t\t\t<a class=\"elementor-button elementor-button-link elementor-size-sm\" href=\"https:\/\/fer-et-pierre.com\/253-pas-japonais\" target=\"_blank\">\n\t\t\t\t\t\t<span class=\"elementor-button-content-wrapper\">\n\t\t\t\t\t\t<span class=\"elementor-button-text\">NOS PAS JAPONAIS<\/span>\n\t\t<\/span>\n\t\t\t\t\t<\/a>\n\t\t<\/div>\n\t\t\t\t<\/div>\n\t\t\t\t<\/div>\n\t\t\t\t\t<\/div>\n\t\t\t\t<\/div>\n\t\t<div class=\"elementor-element elementor-element-9b21cc6 e-flex e-con-boxed wpr-particle-no wpr-jarallax-no wpr-parallax-no wpr-sticky-section-no e-con\" data-id=\"9b21cc6\" data-element_type=\"container\" data-settings=\"{&quot;content_width&quot;:&quot;boxed&quot;}\">\n\t\t\t\t\t<div class=\"e-con-inner\">\n\t\t\t\t<div class=\"elementor-element elementor-element-02ffab9 elementor-widget elementor-widget-text-editor\" data-id=\"02ffab9\" data-element_type=\"widget\" data-widget_type=\"text-editor.default\">\n\t\t\t\t<div class=\"elementor-widget-container\">\n\t\t\t\t\t\t\t<p>Des margelles en travertin \u00e0 bords droits, id\u00e9ales pour piscine ou terrasse, <b>disponible en choix nuanc\u00e9 ( MIX ) ou clair ( LIGHT MIX ) <\/b>aux dimensions suivantes<\/p>\t\t\t\t\t\t<\/div>\n\t\t\t\t<\/div>\n\t\t\t\t\t<\/div>\n\t\t\t\t<\/div>\n\t\t<div class=\"elementor-element elementor-element-52bd486 e-flex e-con-boxed wpr-particle-no wpr-jarallax-no wpr-parallax-no wpr-sticky-section-no e-con\" data-id=\"52bd486\" data-element_type=\"container\" data-settings=\"{&quot;content_width&quot;:&quot;boxed&quot;}\">\n\t\t\t\t\t<div class=\"e-con-inner\">\n\t\t<div class=\"elementor-element elementor-element-34f7ba6 e-con-full e-flex wpr-particle-no wpr-jarallax-no wpr-parallax-no wpr-sticky-section-no e-con\" data-id=\"34f7ba6\" data-element_type=\"container\" data-settings=\"{&quot;content_width&quot;:&quot;full&quot;}\">\n\t\t\t\t<div class=\"elementor-element elementor-element-1cbed89 elementor-widget elementor-widget-image\" data-id=\"1cbed89\" data-element_type=\"widget\" data-widget_type=\"image.default\">\n\t\t\t\t<div class=\"elementor-widget-container\">\n\t\t\t\t\t\t\t\t\t\t\t\t\t\t\t\t<a href=\"https:\/\/fer-et-pierre.com\/253-pas-japonais\" target=\"_blank\">\n\t\t\t\t\t\t\t<img loading=\"lazy\" decoding=\"async\" width=\"800\" height=\"800\" src=\"https:\/\/fer-et-pierre.com\/blog\/wp-content\/uploads\/2025\/04\/MIX-PAS-JAPONAIS.webp\" class=\"attachment-large size-large wp-image-1594\" alt=\"Choix mix de dalles en pierre naturelle pos\u00e9es sur gravier, illustrant diff\u00e9rentes textures, formes et nuances pour un am\u00e9nagement ext\u00e9rieur harmonieux et vari\u00e9\" srcset=\"https:\/\/fer-et-pierre.com\/blog\/wp-content\/uploads\/2025\/04\/MIX-PAS-JAPONAIS.webp 1024w, https:\/\/fer-et-pierre.com\/blog\/wp-content\/uploads\/2025\/04\/MIX-PAS-JAPONAIS-300x300.webp 300w, https:\/\/fer-et-pierre.com\/blog\/wp-content\/uploads\/2025\/04\/MIX-PAS-JAPONAIS-150x150.webp 150w, https:\/\/fer-et-pierre.com\/blog\/wp-content\/uploads\/2025\/04\/MIX-PAS-JAPONAIS-768x768.webp 768w\" sizes=\"auto, (max-width: 800px) 100vw, 800px\" \/>\t\t\t\t\t\t\t\t<\/a>\n\t\t\t\t\t\t\t\t\t\t\t\t\t\t\t<\/div>\n\t\t\t\t<\/div>\n\t\t\t\t<\/div>\n\t\t<div class=\"elementor-element elementor-element-af95c8f e-con-full e-flex wpr-particle-no wpr-jarallax-no wpr-parallax-no wpr-sticky-section-no e-con\" data-id=\"af95c8f\" data-element_type=\"container\" data-settings=\"{&quot;content_width&quot;:&quot;full&quot;}\">\n\t\t\t\t<div class=\"elementor-element elementor-element-e4d9c36 elementor-icon-list--layout-traditional elementor-list-item-link-full_width elementor-widget elementor-widget-icon-list\" data-id=\"e4d9c36\" data-element_type=\"widget\" data-widget_type=\"icon-list.default\">\n\t\t\t\t<div class=\"elementor-widget-container\">\n\t\t\t\t\t<ul class=\"elementor-icon-list-items\">\n\t\t\t\t\t\t\t<li class=\"elementor-icon-list-item\">\n\t\t\t\t\t\t\t\t\t\t\t<a href=\"https:\/\/fer-et-pierre.com\/1811-margelle-travertin-beige-bord-droit-61305cm-3cm-premier-choix-mix.html\" target=\"_blank\">\n\n\t\t\t\t\t\t\t\t\t\t\t\t<span class=\"elementor-icon-list-icon\">\n\t\t\t\t\t\t\t<i aria-hidden=\"true\" class=\"fas fa-check\"><\/i>\t\t\t\t\t\t<\/span>\n\t\t\t\t\t\t\t\t\t\t<span class=\"elementor-icon-list-text\">61 x 30,5 x 3cm<\/span>\n\t\t\t\t\t\t\t\t\t\t\t<\/a>\n\t\t\t\t\t\t\t\t\t<\/li>\n\t\t\t\t\t\t\t\t<li class=\"elementor-icon-list-item\">\n\t\t\t\t\t\t\t\t\t\t\t<a href=\"https:\/\/fer-et-pierre.com\/1819-dallage-travertin-beige-61406cm-3cm-vieillie-commercial.html\" target=\"_blank\">\n\n\t\t\t\t\t\t\t\t\t\t\t\t<span class=\"elementor-icon-list-icon\">\n\t\t\t\t\t\t\t<i aria-hidden=\"true\" class=\"fas fa-check\"><\/i>\t\t\t\t\t\t<\/span>\n\t\t\t\t\t\t\t\t\t\t<span class=\"elementor-icon-list-text\">61 x 40,6 x 3cm\u200b<\/span>\n\t\t\t\t\t\t\t\t\t\t\t<\/a>\n\t\t\t\t\t\t\t\t\t<\/li>\n\t\t\t\t\t\t\t\t<li class=\"elementor-icon-list-item\">\n\t\t\t\t\t\t\t\t\t\t\t<a href=\"https:\/\/fer-et-pierre.com\/1812-margelle-travertin-mix-beige-bord-droit-100-30-3-mix.html\" target=\"_blank\">\n\n\t\t\t\t\t\t\t\t\t\t\t\t<span class=\"elementor-icon-list-icon\">\n\t\t\t\t\t\t\t<i aria-hidden=\"true\" class=\"fas fa-check\"><\/i>\t\t\t\t\t\t<\/span>\n\t\t\t\t\t\t\t\t\t\t<span class=\"elementor-icon-list-text\">100 x 30,5 x 3cm\u200b<\/span>\n\t\t\t\t\t\t\t\t\t\t\t<\/a>\n\t\t\t\t\t\t\t\t\t<\/li>\n\t\t\t\t\t\t\t\t<li class=\"elementor-icon-list-item\">\n\t\t\t\t\t\t\t\t\t\t\t<a href=\"https:\/\/fer-et-pierre.com\/1813-margelle-travertin-mix-beige-bord-droit-120-30-3.html\" target=\"_blank\">\n\n\t\t\t\t\t\t\t\t\t\t\t\t<span class=\"elementor-icon-list-icon\">\n\t\t\t\t\t\t\t<i aria-hidden=\"true\" class=\"fas fa-check\"><\/i>\t\t\t\t\t\t<\/span>\n\t\t\t\t\t\t\t\t\t\t<span class=\"elementor-icon-list-text\">120 x 30,5 x 3cm\u200b<\/span>\n\t\t\t\t\t\t\t\t\t\t\t<\/a>\n\t\t\t\t\t\t\t\t\t<\/li>\n\t\t\t\t\t\t<\/ul>\n\t\t\t\t<\/div>\n\t\t\t\t<\/div>\n\t\t\t\t<div class=\"elementor-element elementor-element-64d0815 elementor-align-center elementor-widget elementor-widget-button\" data-id=\"64d0815\" data-element_type=\"widget\" data-widget_type=\"button.default\">\n\t\t\t\t<div class=\"elementor-widget-container\">\n\t\t\t\t\t<div class=\"elementor-button-wrapper\">\n\t\t\t<a class=\"elementor-button elementor-button-link elementor-size-sm\" href=\"https:\/\/fer-et-pierre.com\/253-pas-japonais\" target=\"_blank\">\n\t\t\t\t\t\t<span class=\"elementor-button-content-wrapper\">\n\t\t\t\t\t\t<span class=\"elementor-button-text\">Mix<\/span>\n\t\t<\/span>\n\t\t\t\t\t<\/a>\n\t\t<\/div>\n\t\t\t\t<\/div>\n\t\t\t\t<\/div>\n\t\t\t\t<\/div>\n\t\t\t\t\t<\/div>\n\t\t\t\t<\/div>\n\t\t<div class=\"elementor-element elementor-element-62d4b37 e-flex e-con-boxed wpr-particle-no wpr-jarallax-no wpr-parallax-no wpr-sticky-section-no e-con\" data-id=\"62d4b37\" data-element_type=\"container\" data-settings=\"{&quot;content_width&quot;:&quot;boxed&quot;}\">\n\t\t\t\t\t<div class=\"e-con-inner\">\n\t\t<div class=\"elementor-element elementor-element-a41ecb0 e-con-full e-flex wpr-particle-no wpr-jarallax-no wpr-parallax-no wpr-sticky-section-no e-con\" data-id=\"a41ecb0\" data-element_type=\"container\" data-settings=\"{&quot;content_width&quot;:&quot;full&quot;}\">\n\t\t\t\t<div class=\"elementor-element elementor-element-9e063f7 elementor-widget elementor-widget-image\" data-id=\"9e063f7\" data-element_type=\"widget\" data-widget_type=\"image.default\">\n\t\t\t\t<div class=\"elementor-widget-container\">\n\t\t\t\t\t\t\t\t\t\t\t\t\t\t\t\t<a href=\"https:\/\/fer-et-pierre.com\/253-pas-japonais\" target=\"_blank\">\n\t\t\t\t\t\t\t<img loading=\"lazy\" decoding=\"async\" width=\"800\" height=\"800\" src=\"https:\/\/fer-et-pierre.com\/blog\/wp-content\/uploads\/2025\/04\/LIGHT-MIX.webp\" class=\"attachment-large size-large wp-image-1593\" alt=\"Dalles en pierre naturelle en light mix, pos\u00e9es sur gravier, avec des teintes claires et harmonieuses pour un rendu ext\u00e9rieur lumineux et \u00e9pur\u00e9\" srcset=\"https:\/\/fer-et-pierre.com\/blog\/wp-content\/uploads\/2025\/04\/LIGHT-MIX.webp 1024w, https:\/\/fer-et-pierre.com\/blog\/wp-content\/uploads\/2025\/04\/LIGHT-MIX-300x300.webp 300w, https:\/\/fer-et-pierre.com\/blog\/wp-content\/uploads\/2025\/04\/LIGHT-MIX-150x150.webp 150w, https:\/\/fer-et-pierre.com\/blog\/wp-content\/uploads\/2025\/04\/LIGHT-MIX-768x768.webp 768w\" sizes=\"auto, (max-width: 800px) 100vw, 800px\" \/>\t\t\t\t\t\t\t\t<\/a>\n\t\t\t\t\t\t\t\t\t\t\t\t\t\t\t<\/div>\n\t\t\t\t<\/div>\n\t\t\t\t<\/div>\n\t\t<div class=\"elementor-element elementor-element-383efcb e-con-full e-flex wpr-particle-no wpr-jarallax-no wpr-parallax-no wpr-sticky-section-no e-con\" data-id=\"383efcb\" data-element_type=\"container\" data-settings=\"{&quot;content_width&quot;:&quot;full&quot;}\">\n\t\t\t\t<div class=\"elementor-element elementor-element-069e165 elementor-icon-list--layout-traditional elementor-list-item-link-full_width elementor-widget elementor-widget-icon-list\" data-id=\"069e165\" data-element_type=\"widget\" data-widget_type=\"icon-list.default\">\n\t\t\t\t<div class=\"elementor-widget-container\">\n\t\t\t\t\t<ul class=\"elementor-icon-list-items\">\n\t\t\t\t\t\t\t<li class=\"elementor-icon-list-item\">\n\t\t\t\t\t\t\t\t\t\t\t<a href=\"https:\/\/fer-et-pierre.com\/1814-margelle-travertin-beige-bord-droit-61-30-3.html\" target=\"_blank\">\n\n\t\t\t\t\t\t\t\t\t\t\t\t<span class=\"elementor-icon-list-icon\">\n\t\t\t\t\t\t\t<i aria-hidden=\"true\" class=\"fas fa-check\"><\/i>\t\t\t\t\t\t<\/span>\n\t\t\t\t\t\t\t\t\t\t<span class=\"elementor-icon-list-text\">61 x 30,5 x 3cm<\/span>\n\t\t\t\t\t\t\t\t\t\t\t<\/a>\n\t\t\t\t\t\t\t\t\t<\/li>\n\t\t\t\t\t\t\t\t<li class=\"elementor-icon-list-item\">\n\t\t\t\t\t\t\t\t\t\t\t<a href=\"https:\/\/fer-et-pierre.com\/1805-carrelage-travertin-beige-60-40-3.html\" target=\"_blank\">\n\n\t\t\t\t\t\t\t\t\t\t\t\t<span class=\"elementor-icon-list-icon\">\n\t\t\t\t\t\t\t<i aria-hidden=\"true\" class=\"fas fa-check\"><\/i>\t\t\t\t\t\t<\/span>\n\t\t\t\t\t\t\t\t\t\t<span class=\"elementor-icon-list-text\">61 x 40,6 x 3cm\u200b<\/span>\n\t\t\t\t\t\t\t\t\t\t\t<\/a>\n\t\t\t\t\t\t\t\t\t<\/li>\n\t\t\t\t\t\t\t\t<li class=\"elementor-icon-list-item\">\n\t\t\t\t\t\t\t\t\t\t\t<a href=\"https:\/\/fer-et-pierre.com\/1815-margelle-travertin-beige-bord-droit-lightmix.html\" target=\"_blank\">\n\n\t\t\t\t\t\t\t\t\t\t\t\t<span class=\"elementor-icon-list-icon\">\n\t\t\t\t\t\t\t<i aria-hidden=\"true\" class=\"fas fa-check\"><\/i>\t\t\t\t\t\t<\/span>\n\t\t\t\t\t\t\t\t\t\t<span class=\"elementor-icon-list-text\">100 x 30,5 x 3cm\u200b<\/span>\n\t\t\t\t\t\t\t\t\t\t\t<\/a>\n\t\t\t\t\t\t\t\t\t<\/li>\n\t\t\t\t\t\t\t\t<li class=\"elementor-icon-list-item\">\n\t\t\t\t\t\t\t\t\t\t\t<a href=\"https:\/\/fer-et-pierre.com\/1828-pas-japonais-travertin-light-mix-beige-clair-100-70-3cm.html\" target=\"_blank\">\n\n\t\t\t\t\t\t\t\t\t\t\t\t<span class=\"elementor-icon-list-icon\">\n\t\t\t\t\t\t\t<i aria-hidden=\"true\" class=\"fas fa-check\"><\/i>\t\t\t\t\t\t<\/span>\n\t\t\t\t\t\t\t\t\t\t<span class=\"elementor-icon-list-text\">100 x 70 x 3cm\u200b<\/span>\n\t\t\t\t\t\t\t\t\t\t\t<\/a>\n\t\t\t\t\t\t\t\t\t<\/li>\n\t\t\t\t\t\t\t\t<li class=\"elementor-icon-list-item\">\n\t\t\t\t\t\t\t\t\t\t\t<a href=\"https:\/\/fer-et-pierre.com\/1816-margelle-travertin-lightmix-beige-bord-droit-120-30-3.html\" target=\"_blank\">\n\n\t\t\t\t\t\t\t\t\t\t\t\t<span class=\"elementor-icon-list-icon\">\n\t\t\t\t\t\t\t<i aria-hidden=\"true\" class=\"fas fa-check\"><\/i>\t\t\t\t\t\t<\/span>\n\t\t\t\t\t\t\t\t\t\t<span class=\"elementor-icon-list-text\">120 x 30,5 x 3cm\u200b<\/span>\n\t\t\t\t\t\t\t\t\t\t\t<\/a>\n\t\t\t\t\t\t\t\t\t<\/li>\n\t\t\t\t\t\t\t\t<li class=\"elementor-icon-list-item\">\n\t\t\t\t\t\t\t\t\t\t\t<a href=\"https:\/\/fer-et-pierre.com\/1826-pas-japonais-travertin-beige-clair-150-70.html\" target=\"_blank\">\n\n\t\t\t\t\t\t\t\t\t\t\t\t<span class=\"elementor-icon-list-icon\">\n\t\t\t\t\t\t\t<i aria-hidden=\"true\" class=\"fas fa-check\"><\/i>\t\t\t\t\t\t<\/span>\n\t\t\t\t\t\t\t\t\t\t<span class=\"elementor-icon-list-text\">150 x 70 x 3cm\u200b<\/span>\n\t\t\t\t\t\t\t\t\t\t\t<\/a>\n\t\t\t\t\t\t\t\t\t<\/li>\n\t\t\t\t\t\t<\/ul>\n\t\t\t\t<\/div>\n\t\t\t\t<\/div>\n\t\t\t\t<div class=\"elementor-element elementor-element-fad4e57 elementor-align-center elementor-widget elementor-widget-button\" data-id=\"fad4e57\" data-element_type=\"widget\" data-widget_type=\"button.default\">\n\t\t\t\t<div class=\"elementor-widget-container\">\n\t\t\t\t\t<div class=\"elementor-button-wrapper\">\n\t\t\t<a class=\"elementor-button elementor-button-link elementor-size-sm\" href=\"https:\/\/fer-et-pierre.com\/253-pas-japonais\" target=\"_blank\">\n\t\t\t\t\t\t<span class=\"elementor-button-content-wrapper\">\n\t\t\t\t\t\t<span class=\"elementor-button-text\">LIGHT Mix<\/span>\n\t\t<\/span>\n\t\t\t\t\t<\/a>\n\t\t<\/div>\n\t\t\t\t<\/div>\n\t\t\t\t<\/div>\n\t\t\t\t<\/div>\n\t\t\t\t\t<\/div>\n\t\t\t\t<\/div>\n\t\t<div class=\"elementor-element elementor-element-56f636f e-flex e-con-boxed wpr-particle-no wpr-jarallax-no wpr-parallax-no wpr-sticky-section-no e-con\" data-id=\"56f636f\" data-element_type=\"container\" data-settings=\"{&quot;content_width&quot;:&quot;boxed&quot;}\">\n\t\t\t\t\t<div class=\"e-con-inner\">\n\t\t<div class=\"elementor-element elementor-element-e639db7 e-con-full e-flex wpr-particle-no wpr-jarallax-no wpr-parallax-no wpr-sticky-section-no e-con\" data-id=\"e639db7\" data-element_type=\"container\" data-settings=\"{&quot;content_width&quot;:&quot;full&quot;}\">\n\t\t\t\t<div class=\"elementor-element elementor-element-3f82d0b elementor-widget elementor-widget-image\" data-id=\"3f82d0b\" data-element_type=\"widget\" data-widget_type=\"image.default\">\n\t\t\t\t<div class=\"elementor-widget-container\">\n\t\t\t\t\t\t\t\t\t\t\t\t\t\t\t\t<a href=\"https:\/\/fer-et-pierre.com\/253-pas-japonais\" target=\"_blank\">\n\t\t\t\t\t\t\t<img loading=\"lazy\" decoding=\"async\" width=\"800\" height=\"800\" src=\"https:\/\/fer-et-pierre.com\/blog\/wp-content\/uploads\/2025\/04\/pas-japonais-silver.webp\" class=\"attachment-large size-large wp-image-1600\" alt=\"Dalle rectangulaire en pierre pos\u00e9e sur un lit de gravier noir, vue en plong\u00e9e avec texture marbr\u00e9e et contraste net entre la dalle et le paillis min\u00e9ral.\" srcset=\"https:\/\/fer-et-pierre.com\/blog\/wp-content\/uploads\/2025\/04\/pas-japonais-silver.webp 1024w, https:\/\/fer-et-pierre.com\/blog\/wp-content\/uploads\/2025\/04\/pas-japonais-silver-300x300.webp 300w, https:\/\/fer-et-pierre.com\/blog\/wp-content\/uploads\/2025\/04\/pas-japonais-silver-150x150.webp 150w, https:\/\/fer-et-pierre.com\/blog\/wp-content\/uploads\/2025\/04\/pas-japonais-silver-768x768.webp 768w\" sizes=\"auto, (max-width: 800px) 100vw, 800px\" \/>\t\t\t\t\t\t\t\t<\/a>\n\t\t\t\t\t\t\t\t\t\t\t\t\t\t\t<\/div>\n\t\t\t\t<\/div>\n\t\t\t\t<\/div>\n\t\t<div class=\"elementor-element elementor-element-92fa417 e-con-full e-flex wpr-particle-no wpr-jarallax-no wpr-parallax-no wpr-sticky-section-no e-con\" data-id=\"92fa417\" data-element_type=\"container\" data-settings=\"{&quot;content_width&quot;:&quot;full&quot;}\">\n\t\t\t\t<div class=\"elementor-element elementor-element-4010655 elementor-icon-list--layout-traditional elementor-list-item-link-full_width elementor-widget elementor-widget-icon-list\" data-id=\"4010655\" data-element_type=\"widget\" data-widget_type=\"icon-list.default\">\n\t\t\t\t<div class=\"elementor-widget-container\">\n\t\t\t\t\t<ul class=\"elementor-icon-list-items\">\n\t\t\t\t\t\t\t<li class=\"elementor-icon-list-item\">\n\t\t\t\t\t\t\t\t\t\t\t<a href=\"https:\/\/fer-et-pierre.com\/1821-margelle-bluestone-bord-droit-61-30-3.html\" target=\"_blank\">\n\n\t\t\t\t\t\t\t\t\t\t\t\t<span class=\"elementor-icon-list-icon\">\n\t\t\t\t\t\t\t<i aria-hidden=\"true\" class=\"fas fa-check\"><\/i>\t\t\t\t\t\t<\/span>\n\t\t\t\t\t\t\t\t\t\t<span class=\"elementor-icon-list-text\">Bluestone<\/span>\n\t\t\t\t\t\t\t\t\t\t\t<\/a>\n\t\t\t\t\t\t\t\t\t<\/li>\n\t\t\t\t\t\t\t\t<li class=\"elementor-icon-list-item\">\n\t\t\t\t\t\t\t\t\t\t\t<a href=\"https:\/\/fer-et-pierre.com\/1820-margelle-darkstone-bord-droit-61-30-3.html\" target=\"_blank\">\n\n\t\t\t\t\t\t\t\t\t\t\t\t<span class=\"elementor-icon-list-icon\">\n\t\t\t\t\t\t\t<i aria-hidden=\"true\" class=\"fas fa-check\"><\/i>\t\t\t\t\t\t<\/span>\n\t\t\t\t\t\t\t\t\t\t<span class=\"elementor-icon-list-text\">Darkstone<\/span>\n\t\t\t\t\t\t\t\t\t\t\t<\/a>\n\t\t\t\t\t\t\t\t\t<\/li>\n\t\t\t\t\t\t\t\t<li class=\"elementor-icon-list-item\">\n\t\t\t\t\t\t\t\t\t\t\t<a href=\"https:\/\/fer-et-pierre.com\/1823-margelle-travertin-silver-bord-droit-61-30-3.html\" target=\"_blank\">\n\n\t\t\t\t\t\t\t\t\t\t\t\t<span class=\"elementor-icon-list-icon\">\n\t\t\t\t\t\t\t<i aria-hidden=\"true\" class=\"fas fa-check\"><\/i>\t\t\t\t\t\t<\/span>\n\t\t\t\t\t\t\t\t\t\t<span class=\"elementor-icon-list-text\">Silver<\/span>\n\t\t\t\t\t\t\t\t\t\t\t<\/a>\n\t\t\t\t\t\t\t\t\t<\/li>\n\t\t\t\t\t\t\t\t<li class=\"elementor-icon-list-item\">\n\t\t\t\t\t\t\t\t\t\t\t<a href=\"https:\/\/fer-et-pierre.com\/1822-margelle-travertin-noche-bord-droit-61-30-3.html\" target=\"_blank\">\n\n\t\t\t\t\t\t\t\t\t\t\t\t<span class=\"elementor-icon-list-icon\">\n\t\t\t\t\t\t\t<i aria-hidden=\"true\" class=\"fas fa-check\"><\/i>\t\t\t\t\t\t<\/span>\n\t\t\t\t\t\t\t\t\t\t<span class=\"elementor-icon-list-text\">Noce<\/span>\n\t\t\t\t\t\t\t\t\t\t\t<\/a>\n\t\t\t\t\t\t\t\t\t<\/li>\n\t\t\t\t\t\t<\/ul>\n\t\t\t\t<\/div>\n\t\t\t\t<\/div>\n\t\t\t\t<div class=\"elementor-element elementor-element-1b0177b elementor-align-center elementor-widget elementor-widget-button\" data-id=\"1b0177b\" data-element_type=\"widget\" data-widget_type=\"button.default\">\n\t\t\t\t<div class=\"elementor-widget-container\">\n\t\t\t\t\t<div class=\"elementor-button-wrapper\">\n\t\t\t<a class=\"elementor-button elementor-button-link elementor-size-sm\" href=\"https:\/\/fer-et-pierre.com\/253-pas-japonais\" target=\"_blank\">\n\t\t\t\t\t\t<span class=\"elementor-button-content-wrapper\">\n\t\t\t\t\t\t<span class=\"elementor-button-text\">61 x30,5 x 3cm<\/span>\n\t\t<\/span>\n\t\t\t\t\t<\/a>\n\t\t<\/div>\n\t\t\t\t<\/div>\n\t\t\t\t<\/div>\n\t\t\t\t<\/div>\n\t\t\t\t\t<\/div>\n\t\t\t\t<\/div>\n\t\t<div class=\"elementor-element elementor-element-c6f6312 e-flex e-con-boxed wpr-particle-no wpr-jarallax-no wpr-parallax-no wpr-sticky-section-no e-con\" data-id=\"c6f6312\" data-element_type=\"container\" data-settings=\"{&quot;content_width&quot;:&quot;boxed&quot;}\">\n\t\t\t\t\t<div class=\"e-con-inner\">\n\t\t<div class=\"elementor-element elementor-element-732a27e e-con-full e-flex wpr-particle-no wpr-jarallax-no wpr-parallax-no wpr-sticky-section-no e-con\" data-id=\"732a27e\" data-element_type=\"container\" data-settings=\"{&quot;content_width&quot;:&quot;full&quot;}\">\n\t\t\t\t<div class=\"elementor-element elementor-element-cd02e4f elementor-widget elementor-widget-image\" data-id=\"cd02e4f\" data-element_type=\"widget\" data-widget_type=\"image.default\">\n\t\t\t\t<div class=\"elementor-widget-container\">\n\t\t\t\t\t\t\t\t\t\t\t\t\t\t\t\t<a href=\"https:\/\/fer-et-pierre.com\/253-pas-japonais\" target=\"_blank\">\n\t\t\t\t\t\t\t<img loading=\"lazy\" decoding=\"async\" width=\"800\" height=\"799\" src=\"https:\/\/fer-et-pierre.com\/blog\/wp-content\/uploads\/2025\/04\/irregulier-pja.webp\" class=\"attachment-large size-large wp-image-1597\" alt=\"Pas japonais en pierre naturelle de forme irr\u00e9guli\u00e8re, pos\u00e9s sur gravier ou pelouse, apportant un style authentique et organique \u00e0 une all\u00e9e de jardin\" srcset=\"https:\/\/fer-et-pierre.com\/blog\/wp-content\/uploads\/2025\/04\/irregulier-pja.webp 1023w, https:\/\/fer-et-pierre.com\/blog\/wp-content\/uploads\/2025\/04\/irregulier-pja-300x300.webp 300w, https:\/\/fer-et-pierre.com\/blog\/wp-content\/uploads\/2025\/04\/irregulier-pja-150x150.webp 150w, https:\/\/fer-et-pierre.com\/blog\/wp-content\/uploads\/2025\/04\/irregulier-pja-768x767.webp 768w\" sizes=\"auto, (max-width: 800px) 100vw, 800px\" \/>\t\t\t\t\t\t\t\t<\/a>\n\t\t\t\t\t\t\t\t\t\t\t\t\t\t\t<\/div>\n\t\t\t\t<\/div>\n\t\t\t\t<div class=\"elementor-element elementor-element-081aa56 elementor-widget elementor-widget-heading\" data-id=\"081aa56\" data-element_type=\"widget\" data-widget_type=\"heading.default\">\n\t\t\t\t<div class=\"elementor-widget-container\">\n\t\t\t<h4 class=\"elementor-heading-title elementor-size-default\">Irr\u00e9gulier<\/h4>\t\t<\/div>\n\t\t\t\t<\/div>\n\t\t\t\t<div class=\"elementor-element elementor-element-4ea761c elementor-icon-list--layout-traditional elementor-list-item-link-full_width elementor-widget elementor-widget-icon-list\" data-id=\"4ea761c\" data-element_type=\"widget\" data-widget_type=\"icon-list.default\">\n\t\t\t\t<div class=\"elementor-widget-container\">\n\t\t\t\t\t<ul class=\"elementor-icon-list-items\">\n\t\t\t\t\t\t\t<li class=\"elementor-icon-list-item\">\n\t\t\t\t\t\t\t\t\t\t\t<a href=\"https:\/\/fer-et-pierre.com\/251-opus-incertum\" target=\"_blank\">\n\n\t\t\t\t\t\t\t\t\t\t\t\t<span class=\"elementor-icon-list-icon\">\n\t\t\t\t\t\t\t<i aria-hidden=\"true\" class=\"fas fa-check\"><\/i>\t\t\t\t\t\t<\/span>\n\t\t\t\t\t\t\t\t\t\t<span class=\"elementor-icon-list-text\"> Opus Incertum : Ardoise Moyen<\/span>\n\t\t\t\t\t\t\t\t\t\t\t<\/a>\n\t\t\t\t\t\t\t\t\t<\/li>\n\t\t\t\t\t\t\t\t<li class=\"elementor-icon-list-item\">\n\t\t\t\t\t\t\t\t\t\t\t<a href=\"https:\/\/fer-et-pierre.com\/253-pas-japonais\" target=\"_blank\">\n\n\t\t\t\t\t\t\t\t\t\t\t\t<span class=\"elementor-icon-list-icon\">\n\t\t\t\t\t\t\t<i aria-hidden=\"true\" class=\"fas fa-check\"><\/i>\t\t\t\t\t\t<\/span>\n\t\t\t\t\t\t\t\t\t\t<span class=\"elementor-icon-list-text\">Ardoise Grand<\/span>\n\t\t\t\t\t\t\t\t\t\t\t<\/a>\n\t\t\t\t\t\t\t\t\t<\/li>\n\t\t\t\t\t\t\t\t<li class=\"elementor-icon-list-item\">\n\t\t\t\t\t\t\t\t\t\t\t<a href=\"https:\/\/fer-et-pierre.com\/1824-dallage-du-quercy-opus-incertum-50-70-couche.html\" target=\"_blank\">\n\n\t\t\t\t\t\t\t\t\t\t\t\t<span class=\"elementor-icon-list-icon\">\n\t\t\t\t\t\t\t<i aria-hidden=\"true\" class=\"fas fa-check\"><\/i>\t\t\t\t\t\t<\/span>\n\t\t\t\t\t\t\t\t\t\t<span class=\"elementor-icon-list-text\">Pierre du Lot Pas Japonais<\/span>\n\t\t\t\t\t\t\t\t\t\t\t<\/a>\n\t\t\t\t\t\t\t\t\t<\/li>\n\t\t\t\t\t\t<\/ul>\n\t\t\t\t<\/div>\n\t\t\t\t<\/div>\n\t\t\t\t<\/div>\n\t\t<div class=\"elementor-element elementor-element-66dbd38 e-con-full e-flex wpr-particle-no wpr-jarallax-no wpr-parallax-no wpr-sticky-section-no e-con\" data-id=\"66dbd38\" data-element_type=\"container\" data-settings=\"{&quot;content_width&quot;:&quot;full&quot;}\">\n\t\t\t\t<div class=\"elementor-element elementor-element-3cbb6de elementor-widget elementor-widget-image\" data-id=\"3cbb6de\" data-element_type=\"widget\" data-widget_type=\"image.default\">\n\t\t\t\t<div class=\"elementor-widget-container\">\n\t\t\t\t\t\t\t\t\t\t\t\t\t\t\t\t<a href=\"https:\/\/fer-et-pierre.com\/253-pas-japonais\" target=\"_blank\">\n\t\t\t\t\t\t\t<img loading=\"lazy\" decoding=\"async\" width=\"800\" height=\"800\" src=\"https:\/\/fer-et-pierre.com\/blog\/wp-content\/uploads\/2025\/04\/Ardoise-1.webp\" class=\"attachment-large size-large wp-image-1598\" alt=\"Pas japonais en ardoise naturelle, aux contours nets ou irr\u00e9guliers, pos\u00e9s sur gravier ou pelouse, pour un style moderne et \u00e9pur\u00e9 dans un am\u00e9nagement de jardin\" srcset=\"https:\/\/fer-et-pierre.com\/blog\/wp-content\/uploads\/2025\/04\/Ardoise-1.webp 800w, https:\/\/fer-et-pierre.com\/blog\/wp-content\/uploads\/2025\/04\/Ardoise-1-300x300.webp 300w, https:\/\/fer-et-pierre.com\/blog\/wp-content\/uploads\/2025\/04\/Ardoise-1-150x150.webp 150w, https:\/\/fer-et-pierre.com\/blog\/wp-content\/uploads\/2025\/04\/Ardoise-1-768x768.webp 768w\" sizes=\"auto, (max-width: 800px) 100vw, 800px\" \/>\t\t\t\t\t\t\t\t<\/a>\n\t\t\t\t\t\t\t\t\t\t\t\t\t\t\t<\/div>\n\t\t\t\t<\/div>\n\t\t\t\t<div class=\"elementor-element elementor-element-061254b elementor-widget elementor-widget-heading\" data-id=\"061254b\" data-element_type=\"widget\" data-widget_type=\"heading.default\">\n\t\t\t\t<div class=\"elementor-widget-container\">\n\t\t\t<h4 class=\"elementor-heading-title elementor-size-default\">Ardoise<\/h4>\t\t<\/div>\n\t\t\t\t<\/div>\n\t\t\t\t<div class=\"elementor-element elementor-element-bca3a26 elementor-icon-list--layout-traditional elementor-list-item-link-full_width elementor-widget elementor-widget-icon-list\" data-id=\"bca3a26\" data-element_type=\"widget\" data-widget_type=\"icon-list.default\">\n\t\t\t\t<div class=\"elementor-widget-container\">\n\t\t\t\t\t<ul class=\"elementor-icon-list-items\">\n\t\t\t\t\t\t\t<li class=\"elementor-icon-list-item\">\n\t\t\t\t\t\t\t\t\t\t\t<a href=\"https:\/\/fer-et-pierre.com\/253-pas-japonais\" target=\"_blank\">\n\n\t\t\t\t\t\t\t\t\t\t\t\t<span class=\"elementor-icon-list-icon\">\n\t\t\t\t\t\t\t<i aria-hidden=\"true\" class=\"fas fa-check\"><\/i>\t\t\t\t\t\t<\/span>\n\t\t\t\t\t\t\t\t\t\t<span class=\"elementor-icon-list-text\">Plusieurs formats<\/span>\n\t\t\t\t\t\t\t\t\t\t\t<\/a>\n\t\t\t\t\t\t\t\t\t<\/li>\n\t\t\t\t\t\t<\/ul>\n\t\t\t\t<\/div>\n\t\t\t\t<\/div>\n\t\t\t\t<\/div>\n\t\t<div class=\"elementor-element elementor-element-088febb e-con-full e-flex wpr-particle-no wpr-jarallax-no wpr-parallax-no wpr-sticky-section-no e-con\" data-id=\"088febb\" data-element_type=\"container\" data-settings=\"{&quot;content_width&quot;:&quot;full&quot;}\">\n\t\t\t\t<div class=\"elementor-element elementor-element-8d41c4b elementor-widget elementor-widget-image\" data-id=\"8d41c4b\" data-element_type=\"widget\" data-widget_type=\"image.default\">\n\t\t\t\t<div class=\"elementor-widget-container\">\n\t\t\t\t\t\t\t\t\t\t\t\t\t\t\t\t<a href=\"https:\/\/fer-et-pierre.com\/253-pas-japonais\" target=\"_blank\">\n\t\t\t\t\t\t\t<img loading=\"lazy\" decoding=\"async\" width=\"800\" height=\"800\" src=\"https:\/\/fer-et-pierre.com\/blog\/wp-content\/uploads\/2025\/04\/schiste.webp\" class=\"attachment-large size-large wp-image-1599\" alt=\"Pas japonais en schiste noir ou gris, avec texture feuillet\u00e9e caract\u00e9ristique, pos\u00e9s dans un jardin paysager pour une ambiance min\u00e9rale et contemporaine\" srcset=\"https:\/\/fer-et-pierre.com\/blog\/wp-content\/uploads\/2025\/04\/schiste.webp 800w, https:\/\/fer-et-pierre.com\/blog\/wp-content\/uploads\/2025\/04\/schiste-300x300.webp 300w, https:\/\/fer-et-pierre.com\/blog\/wp-content\/uploads\/2025\/04\/schiste-150x150.webp 150w, https:\/\/fer-et-pierre.com\/blog\/wp-content\/uploads\/2025\/04\/schiste-768x768.webp 768w\" sizes=\"auto, (max-width: 800px) 100vw, 800px\" \/>\t\t\t\t\t\t\t\t<\/a>\n\t\t\t\t\t\t\t\t\t\t\t\t\t\t\t<\/div>\n\t\t\t\t<\/div>\n\t\t\t\t<div class=\"elementor-element elementor-element-c910ca9 elementor-widget elementor-widget-heading\" data-id=\"c910ca9\" data-element_type=\"widget\" data-widget_type=\"heading.default\">\n\t\t\t\t<div class=\"elementor-widget-container\">\n\t\t\t<h4 class=\"elementor-heading-title elementor-size-default\">Schiste<\/h4>\t\t<\/div>\n\t\t\t\t<\/div>\n\t\t\t\t<div class=\"elementor-element elementor-element-7ca360e elementor-icon-list--layout-traditional elementor-list-item-link-full_width elementor-widget elementor-widget-icon-list\" data-id=\"7ca360e\" data-element_type=\"widget\" data-widget_type=\"icon-list.default\">\n\t\t\t\t<div class=\"elementor-widget-container\">\n\t\t\t\t\t<ul class=\"elementor-icon-list-items\">\n\t\t\t\t\t\t\t<li class=\"elementor-icon-list-item\">\n\t\t\t\t\t\t\t\t\t\t\t<a href=\"https:\/\/fer-et-pierre.com\/253-pas-japonais\" target=\"_blank\">\n\n\t\t\t\t\t\t\t\t\t\t\t\t<span class=\"elementor-icon-list-icon\">\n\t\t\t\t\t\t\t<i aria-hidden=\"true\" class=\"fas fa-check\"><\/i>\t\t\t\t\t\t<\/span>\n\t\t\t\t\t\t\t\t\t\t<span class=\"elementor-icon-list-text\">Plusieurs formats<\/span>\n\t\t\t\t\t\t\t\t\t\t\t<\/a>\n\t\t\t\t\t\t\t\t\t<\/li>\n\t\t\t\t\t\t<\/ul>\n\t\t\t\t<\/div>\n\t\t\t\t<\/div>\n\t\t\t\t<\/div>\n\t\t\t\t\t<\/div>\n\t\t\t\t<\/div>\n\t\t<div class=\"elementor-element elementor-element-09df0de e-flex e-con-boxed wpr-particle-no wpr-jarallax-no wpr-parallax-no wpr-sticky-section-no e-con\" data-id=\"09df0de\" data-element_type=\"container\" data-settings=\"{&quot;content_width&quot;:&quot;boxed&quot;}\">\n\t\t\t\t\t<div class=\"e-con-inner\">\n\t\t\t\t<div class=\"elementor-element elementor-element-be167ee elementor-widget elementor-widget-heading\" data-id=\"be167ee\" data-element_type=\"widget\" data-widget_type=\"heading.default\">\n\t\t\t\t<div class=\"elementor-widget-container\">\n\t\t\t<h2 class=\"elementor-heading-title elementor-size-default\">Pose & traitement<\/h2>\t\t<\/div>\n\t\t\t\t<\/div>\n\t\t\t\t\t<\/div>\n\t\t\t\t<\/div>\n\t\t<div class=\"elementor-element elementor-element-e22f21d e-con-full e-flex wpr-particle-no wpr-jarallax-no wpr-parallax-no wpr-sticky-section-no e-con\" data-id=\"e22f21d\" data-element_type=\"container\" data-settings=\"{&quot;content_width&quot;:&quot;full&quot;}\">\n\t\t\t\t<div class=\"elementor-element elementor-element-3cc993b elementor-widget elementor-widget-html\" data-id=\"3cc993b\" data-element_type=\"widget\" data-widget_type=\"html.default\">\n\t\t\t\t<div class=\"elementor-widget-container\">\n\t\t\t<style>\n  .table-style {\n    width: 100%;\n    border-collapse: collapse;\n    font-family: 'Segoe UI', sans-serif;\n    font-size: 15px;\n    box-shadow: 0 2px 8px rgba(0,0,0,0.1);\n  }\n  .table-style thead {\n    background-color: #f9f9f9;\n  }\n  .table-style th {\n    padding: 14px 16px;\n    text-align: center; \/* CENTRAGE des en-t\u00eates *\/\n    border: 1px solid #ddd;\n    background-color: #f0f0f0;\n    font-weight: bold;\n  }\n  .table-style td {\n    padding: 14px 16px;\n    text-align: left;\n    border: 1px solid #ddd;\n  }\n  .table-style td:first-child {\n    color: #A56134;\n    font-weight: 600;\n  }\n  @media screen and (max-width: 768px) {\n    .table-style {\n      font-size: 14px;\n    }\n    .table-style th, .table-style td {\n      padding: 10px;\n    }\n  }\n<\/style>\n\n<table class=\"table-style\">\n  <thead>\n    <tr>\n      <th>Mat\u00e9riaux<\/th>\n      <th>Utilit\u00e9 principale<\/th>\n      <th>Format recommand\u00e9<\/th>\n    <\/tr>\n  <\/thead>\n  <tbody>\n    <tr>\n      <td>Pierre naturelle<\/td>\n      <td>\u00c9l\u00e9ment principal : le pas japonais<\/td>\n      <td>Ardoise, gr\u00e8s, calcaire, granit<\/td>\n    <\/tr>\n    <tr>\n      <td>Sable de pose<\/td>\n      <td>Niveler, stabiliser et ajuster sous la dalle<\/td>\n      <td>0\/4 ou 0\/6, sac ou big bag<\/td>\n    <\/tr>\n    <tr>\n      <td>Feutre g\u00e9otextile<\/td>\n      <td>Emp\u00eache la repousse des herbes<\/td>\n      <td>Rouleaux d\u00e9coupables<\/td>\n    <\/tr>\n    <tr>\n      <td>Maillet en caoutchouc<\/td>\n      <td>Ajuster la dalle sans l\u2019ab\u00eemer<\/td>\n      <td>Outil indispensable<\/td>\n    <\/tr>\n    <tr>\n      <td>Niveau \u00e0 bulle<\/td>\n      <td>V\u00e9rifier l\u2019horizontalit\u00e9<\/td>\n      <td>40\u201360 cm<\/td>\n    <\/tr>\n    <tr>\n      <td>Truelle \/ petite pelle<\/td>\n      <td>Pour ajuster et r\u00e9partir le sable<\/td>\n      <td>Outils de jardinage classiques<\/td>\n    <\/tr>\n    <tr>\n      <td>Protect W<\/td>\n      <td>Hydrofuge \u2013 protection contre l\u2019eau<\/td>\n      <td>1L, 5L ou 10L<\/td>\n    <\/tr>\n    <tr>\n      <td>Stop Tache<\/td>\n      <td>Ol\u00e9ofuge \u2013 anti-graisses & salissures<\/td>\n      <td>1L ou 5L<\/td>\n    <\/tr>\n  <\/tbody>\n<\/table>\n\t\t<\/div>\n\t\t\t\t<\/div>\n\t\t\t\t<div class=\"elementor-element elementor-element-44461e5 elementor-align-center elementor-widget elementor-widget-button\" data-id=\"44461e5\" data-element_type=\"widget\" data-widget_type=\"button.default\">\n\t\t\t\t<div class=\"elementor-widget-container\">\n\t\t\t\t\t<div class=\"elementor-button-wrapper\">\n\t\t\t<a class=\"elementor-button elementor-button-link elementor-size-sm\" href=\"https:\/\/fer-et-pierre.com\/104-produit-entretien?page=2\" target=\"_blank\">\n\t\t\t\t\t\t<span class=\"elementor-button-content-wrapper\">\n\t\t\t\t\t\t<span class=\"elementor-button-text\">Nos produits d'entretien<\/span>\n\t\t<\/span>\n\t\t\t\t\t<\/a>\n\t\t<\/div>\n\t\t\t\t<\/div>\n\t\t\t\t<\/div>\n\t\t\t\t<\/div>\n\t\t<div class=\"elementor-element elementor-element-2c34078 e-flex e-con-boxed wpr-particle-no wpr-jarallax-no wpr-parallax-no wpr-sticky-section-no e-con\" data-id=\"2c34078\" data-element_type=\"container\" data-settings=\"{&quot;content_width&quot;:&quot;boxed&quot;}\">\n\t\t\t\t\t<div class=\"e-con-inner\">\n\t\t\t\t<div class=\"elementor-element elementor-element-a54bbce elementor-widget elementor-widget-heading\" data-id=\"a54bbce\" data-element_type=\"widget\" data-widget_type=\"heading.default\">\n\t\t\t\t<div class=\"elementor-widget-container\">\n\t\t\t<h2 class=\"elementor-heading-title elementor-size-default\">Entretien des pas japonais<\/h2>\t\t<\/div>\n\t\t\t\t<\/div>\n\t\t\t\t\t<\/div>\n\t\t\t\t<\/div>\n\t\t<div class=\"elementor-element elementor-element-f3cf265 e-flex e-con-boxed wpr-particle-no wpr-jarallax-no wpr-parallax-no wpr-sticky-section-no e-con\" data-id=\"f3cf265\" data-element_type=\"container\" data-settings=\"{&quot;content_width&quot;:&quot;boxed&quot;}\">\n\t\t\t\t\t<div class=\"e-con-inner\">\n\t\t\t\t<div class=\"elementor-element elementor-element-e22648e elementor-icon-list--layout-traditional elementor-list-item-link-full_width elementor-widget elementor-widget-icon-list\" data-id=\"e22648e\" data-element_type=\"widget\" data-widget_type=\"icon-list.default\">\n\t\t\t\t<div class=\"elementor-widget-container\">\n\t\t\t\t\t<ul class=\"elementor-icon-list-items\">\n\t\t\t\t\t\t\t<li class=\"elementor-icon-list-item\">\n\t\t\t\t\t\t\t\t\t\t\t<span class=\"elementor-icon-list-icon\">\n\t\t\t\t\t\t\t<i aria-hidden=\"true\" class=\"fas fa-check-circle\"><\/i>\t\t\t\t\t\t<\/span>\n\t\t\t\t\t\t\t\t\t\t<span class=\"elementor-icon-list-text\">Nettoyage : eau claire + brosse douce ( savon noir possible )Opus Incertum : Ardoise Moyen<\/span>\n\t\t\t\t\t\t\t\t\t<\/li>\n\t\t\t\t\t\t\t\t<li class=\"elementor-icon-list-item\">\n\t\t\t\t\t\t\t\t\t\t\t<span class=\"elementor-icon-list-icon\">\n\t\t\t\t\t\t\t<i aria-hidden=\"true\" class=\"fas fa-check-circle\"><\/i>\t\t\t\t\t\t<\/span>\n\t\t\t\t\t\t\t\t\t\t<span class=\"elementor-icon-list-text\">\u00c0 \u00e9viter : nettoyeurs haute pression en mode trop puissant et sel de d\u00e9neigement.<\/span>\n\t\t\t\t\t\t\t\t\t<\/li>\n\t\t\t\t\t\t\t\t<li class=\"elementor-icon-list-item\">\n\t\t\t\t\t\t\t\t\t\t\t<span class=\"elementor-icon-list-icon\">\n\t\t\t\t\t\t\t<i aria-hidden=\"true\" class=\"fas fa-check-circle\"><\/i>\t\t\t\t\t\t<\/span>\n\t\t\t\t\t\t\t\t\t\t<span class=\"elementor-icon-list-text\">V\u00e9rification : deux fois par an pour ajuster si besoin.<\/span>\n\t\t\t\t\t\t\t\t\t<\/li>\n\t\t\t\t\t\t\t\t<li class=\"elementor-icon-list-item\">\n\t\t\t\t\t\t\t\t\t\t\t<span class=\"elementor-icon-list-icon\">\n\t\t\t\t\t\t\t<i aria-hidden=\"true\" class=\"fas fa-check-circle\"><\/i>\t\t\t\t\t\t<\/span>\n\t\t\t\t\t\t\t\t\t\t<span class=\"elementor-icon-list-text\">Traitement : hydrofuge\/ol\u00e9ofuge tous les 4 \u00e0 5 ans.<\/span>\n\t\t\t\t\t\t\t\t\t<\/li>\n\t\t\t\t\t\t<\/ul>\n\t\t\t\t<\/div>\n\t\t\t\t<\/div>\n\t\t\t\t\t<\/div>\n\t\t\t\t<\/div>\n\t\t<div class=\"elementor-element elementor-element-cc73c2f e-flex e-con-boxed wpr-particle-no wpr-jarallax-no wpr-parallax-no wpr-sticky-section-no e-con\" data-id=\"cc73c2f\" data-element_type=\"container\" data-settings=\"{&quot;content_width&quot;:&quot;boxed&quot;}\">\n\t\t\t\t\t<div class=\"e-con-inner\">\n\t\t\t\t<div class=\"elementor-element elementor-element-b524dc3 elementor-widget elementor-widget-heading\" data-id=\"b524dc3\" data-element_type=\"widget\" data-widget_type=\"heading.default\">\n\t\t\t\t<div class=\"elementor-widget-container\">\n\t\t\t<h2 class=\"elementor-heading-title elementor-size-default\">Styles de jardins inspirants des pas japonais\n<\/h2>\t\t<\/div>\n\t\t\t\t<\/div>\n\t\t\t\t\t<\/div>\n\t\t\t\t<\/div>\n\t\t<div class=\"elementor-element elementor-element-a892c17 e-flex e-con-boxed wpr-particle-no wpr-jarallax-no wpr-parallax-no wpr-sticky-section-no e-con\" data-id=\"a892c17\" data-element_type=\"container\" data-settings=\"{&quot;content_width&quot;:&quot;boxed&quot;}\">\n\t\t\t\t\t<div class=\"e-con-inner\">\n\t\t<div class=\"elementor-element elementor-element-603ebfb e-con-full e-flex wpr-particle-no wpr-jarallax-no wpr-parallax-no wpr-sticky-section-no e-con\" data-id=\"603ebfb\" data-element_type=\"container\" data-settings=\"{&quot;content_width&quot;:&quot;full&quot;}\">\n\t\t\t\t<div class=\"elementor-element elementor-element-1244915 elementor-widget elementor-widget-image\" data-id=\"1244915\" data-element_type=\"widget\" data-widget_type=\"image.default\">\n\t\t\t\t<div class=\"elementor-widget-container\">\n\t\t\t\t\t\t\t\t\t\t\t\t\t\t\t<img loading=\"lazy\" decoding=\"async\" width=\"800\" height=\"799\" src=\"https:\/\/fer-et-pierre.com\/blog\/wp-content\/uploads\/2025\/04\/jardin-japonais.webp\" class=\"attachment-large size-large wp-image-1586\" alt=\"All\u00e9e de pas japonais int\u00e9gr\u00e9e dans un jardin paysager inspirant, combinant pierres naturelles, v\u00e9g\u00e9tation harmonieuse et ambiance zen ou contemporaine, id\u00e9ale pour sublimer un espace ext\u00e9rieur\" srcset=\"https:\/\/fer-et-pierre.com\/blog\/wp-content\/uploads\/2025\/04\/jardin-japonais.webp 1023w, https:\/\/fer-et-pierre.com\/blog\/wp-content\/uploads\/2025\/04\/jardin-japonais-300x300.webp 300w, https:\/\/fer-et-pierre.com\/blog\/wp-content\/uploads\/2025\/04\/jardin-japonais-150x150.webp 150w, https:\/\/fer-et-pierre.com\/blog\/wp-content\/uploads\/2025\/04\/jardin-japonais-768x767.webp 768w\" sizes=\"auto, (max-width: 800px) 100vw, 800px\" \/>\t\t\t\t\t\t\t\t\t\t\t\t\t\t\t<\/div>\n\t\t\t\t<\/div>\n\t\t\t\t<\/div>\n\t\t<div class=\"elementor-element elementor-element-d1746f3 e-con-full e-flex wpr-particle-no wpr-jarallax-no wpr-parallax-no wpr-sticky-section-no e-con\" data-id=\"d1746f3\" data-element_type=\"container\" data-settings=\"{&quot;content_width&quot;:&quot;full&quot;}\">\n\t\t\t\t<div class=\"elementor-element elementor-element-6528d63 elementor-icon-list--layout-traditional elementor-list-item-link-full_width elementor-widget elementor-widget-icon-list\" data-id=\"6528d63\" data-element_type=\"widget\" data-widget_type=\"icon-list.default\">\n\t\t\t\t<div class=\"elementor-widget-container\">\n\t\t\t\t\t<ul class=\"elementor-icon-list-items\">\n\t\t\t\t\t\t\t<li class=\"elementor-icon-list-item\">\n\t\t\t\t\t\t\t\t\t\t\t<span class=\"elementor-icon-list-icon\">\n\t\t\t\t\t\t\t<i aria-hidden=\"true\" class=\"fas fa-check-circle\"><\/i>\t\t\t\t\t\t<\/span>\n\t\t\t\t\t\t\t\t\t\t<span class=\"elementor-icon-list-text\">Zen : pierres irr\u00e9guli\u00e8res, mousse, gravier blanc, \u00e9rables.<\/span>\n\t\t\t\t\t\t\t\t\t<\/li>\n\t\t\t\t\t\t\t\t<li class=\"elementor-icon-list-item\">\n\t\t\t\t\t\t\t\t\t\t\t<span class=\"elementor-icon-list-icon\">\n\t\t\t\t\t\t\t<i aria-hidden=\"true\" class=\"fas fa-check-circle\"><\/i>\t\t\t\t\t\t<\/span>\n\t\t\t\t\t\t\t\t\t\t<span class=\"elementor-icon-list-text\">Contemporain : plaques rectangulaires, gravier noir, ardoise<\/span>\n\t\t\t\t\t\t\t\t\t<\/li>\n\t\t\t\t\t\t\t\t<li class=\"elementor-icon-list-item\">\n\t\t\t\t\t\t\t\t\t\t\t<span class=\"elementor-icon-list-icon\">\n\t\t\t\t\t\t\t<i aria-hidden=\"true\" class=\"fas fa-check-circle\"><\/i>\t\t\t\t\t\t<\/span>\n\t\t\t\t\t\t\t\t\t\t<span class=\"elementor-icon-list-text\">Rustique : pierres brutes, teintes chaudes, style cottage.<\/span>\n\t\t\t\t\t\t\t\t\t<\/li>\n\t\t\t\t\t\t<\/ul>\n\t\t\t\t<\/div>\n\t\t\t\t<\/div>\n\t\t\t\t<\/div>\n\t\t\t\t\t<\/div>\n\t\t\t\t<\/div>\n\t\t<div class=\"elementor-element elementor-element-9c337e8 e-flex e-con-boxed wpr-particle-no wpr-jarallax-no wpr-parallax-no wpr-sticky-section-no e-con\" data-id=\"9c337e8\" data-element_type=\"container\" data-settings=\"{&quot;content_width&quot;:&quot;boxed&quot;}\">\n\t\t\t\t\t<div class=\"e-con-inner\">\n\t\t\t\t<div class=\"elementor-element elementor-element-1a37e85 elementor-widget elementor-widget-heading\" data-id=\"1a37e85\" data-element_type=\"widget\" data-widget_type=\"heading.default\">\n\t\t\t\t<div class=\"elementor-widget-container\">\n\t\t\t<h2 class=\"elementor-heading-title elementor-size-default\">Nos moyens de transports des pas japonais<\/h2>\t\t<\/div>\n\t\t\t\t<\/div>\n\t\t\t\t\t<\/div>\n\t\t\t\t<\/div>\n\t\t<div class=\"elementor-element elementor-element-c2e94c2 e-flex e-con-boxed wpr-particle-no wpr-jarallax-no wpr-parallax-no wpr-sticky-section-no e-con\" data-id=\"c2e94c2\" data-element_type=\"container\" data-settings=\"{&quot;content_width&quot;:&quot;boxed&quot;}\">\n\t\t\t\t\t<div class=\"e-con-inner\">\n\t\t<div class=\"elementor-element elementor-element-5da1f7e e-flex e-con-boxed wpr-particle-no wpr-jarallax-no wpr-parallax-no wpr-sticky-section-no e-con\" data-id=\"5da1f7e\" data-element_type=\"container\" data-settings=\"{&quot;content_width&quot;:&quot;boxed&quot;}\">\n\t\t\t\t\t<div class=\"e-con-inner\">\n\t\t<div class=\"elementor-element elementor-element-42dcea9 e-flex e-con-boxed wpr-particle-no wpr-jarallax-no wpr-parallax-no wpr-sticky-section-no e-con\" data-id=\"42dcea9\" data-element_type=\"container\" data-settings=\"{&quot;content_width&quot;:&quot;boxed&quot;}\">\n\t\t\t\t\t<div class=\"e-con-inner\">\n\t\t<div class=\"elementor-element elementor-element-d84c652 e-flex e-con-boxed wpr-particle-no wpr-jarallax-no wpr-parallax-no wpr-sticky-section-no e-con\" data-id=\"d84c652\" data-element_type=\"container\" data-settings=\"{&quot;content_width&quot;:&quot;boxed&quot;}\">\n\t\t\t\t\t<div class=\"e-con-inner\">\n\t\t<div class=\"elementor-element elementor-element-c6a1906 e-con-full e-flex wpr-particle-no wpr-jarallax-no wpr-parallax-no wpr-sticky-section-no e-con\" data-id=\"c6a1906\" data-element_type=\"container\" data-settings=\"{&quot;content_width&quot;:&quot;full&quot;}\">\n\t\t\t\t<div class=\"elementor-element elementor-element-2532eaa elementor-widget elementor-widget-image\" data-id=\"2532eaa\" data-element_type=\"widget\" data-widget_type=\"image.default\">\n\t\t\t\t<div class=\"elementor-widget-container\">\n\t\t\t\t\t\t\t\t\t\t\t\t\t\t\t<img loading=\"lazy\" decoding=\"async\" width=\"800\" height=\"800\" src=\"https:\/\/fer-et-pierre.com\/blog\/wp-content\/uploads\/2025\/04\/1.png\" class=\"attachment-large size-large wp-image-1534\" alt=\"transport pas japonais\" srcset=\"https:\/\/fer-et-pierre.com\/blog\/wp-content\/uploads\/2025\/04\/1.png 800w, https:\/\/fer-et-pierre.com\/blog\/wp-content\/uploads\/2025\/04\/1-300x300.png 300w, https:\/\/fer-et-pierre.com\/blog\/wp-content\/uploads\/2025\/04\/1-150x150.png 150w, https:\/\/fer-et-pierre.com\/blog\/wp-content\/uploads\/2025\/04\/1-768x768.png 768w\" sizes=\"auto, (max-width: 800px) 100vw, 800px\" \/>\t\t\t\t\t\t\t\t\t\t\t\t\t\t\t<\/div>\n\t\t\t\t<\/div>\n\t\t\t\t<div class=\"elementor-element elementor-element-240de18 elementor-align-center elementor-widget elementor-widget-button\" data-id=\"240de18\" data-element_type=\"widget\" data-widget_type=\"button.default\">\n\t\t\t\t<div class=\"elementor-widget-container\">\n\t\t\t\t\t<div class=\"elementor-button-wrapper\">\n\t\t\t<a class=\"elementor-button elementor-button-link elementor-size-sm\" href=\"https:\/\/fer-et-pierre.com\/infos\/6-livraison-retours\" target=\"_blank\">\n\t\t\t\t\t\t<span class=\"elementor-button-content-wrapper\">\n\t\t\t\t\t\t<span class=\"elementor-button-text\">Livraison<\/span>\n\t\t<\/span>\n\t\t\t\t\t<\/a>\n\t\t<\/div>\n\t\t\t\t<\/div>\n\t\t\t\t<\/div>\n\t\t\t\t<\/div>\n\t\t<div class=\"elementor-element elementor-element-9882876 e-con-full e-flex wpr-particle-no wpr-jarallax-no wpr-parallax-no wpr-sticky-section-no e-con\" data-id=\"9882876\" data-element_type=\"container\" data-settings=\"{&quot;content_width&quot;:&quot;full&quot;}\">\n\t\t\t\t<div class=\"elementor-element elementor-element-a946cc7 elementor-widget elementor-widget-image\" data-id=\"a946cc7\" data-element_type=\"widget\" data-widget_type=\"image.default\">\n\t\t\t\t<div class=\"elementor-widget-container\">\n\t\t\t\t\t\t\t\t\t\t\t\t\t\t\t<img loading=\"lazy\" decoding=\"async\" width=\"800\" height=\"800\" src=\"https:\/\/fer-et-pierre.com\/blog\/wp-content\/uploads\/2025\/04\/2.png\" class=\"attachment-large size-large wp-image-1535\" alt=\"\" srcset=\"https:\/\/fer-et-pierre.com\/blog\/wp-content\/uploads\/2025\/04\/2.png 800w, https:\/\/fer-et-pierre.com\/blog\/wp-content\/uploads\/2025\/04\/2-300x300.png 300w, https:\/\/fer-et-pierre.com\/blog\/wp-content\/uploads\/2025\/04\/2-150x150.png 150w, https:\/\/fer-et-pierre.com\/blog\/wp-content\/uploads\/2025\/04\/2-768x768.png 768w\" sizes=\"auto, (max-width: 800px) 100vw, 800px\" \/>\t\t\t\t\t\t\t\t\t\t\t\t\t\t\t<\/div>\n\t\t\t\t<\/div>\n\t\t\t\t<div class=\"elementor-element elementor-element-72aca4d elementor-align-center elementor-widget elementor-widget-button\" data-id=\"72aca4d\" data-element_type=\"widget\" data-widget_type=\"button.default\">\n\t\t\t\t<div class=\"elementor-widget-container\">\n\t\t\t\t\t<div class=\"elementor-button-wrapper\">\n\t\t\t<a class=\"elementor-button elementor-button-link elementor-size-sm\" href=\"https:\/\/fer-et-pierre.com\/infos\/6-livraison-retours\" target=\"_blank\">\n\t\t\t\t\t\t<span class=\"elementor-button-content-wrapper\">\n\t\t\t\t\t\t<span class=\"elementor-button-text\">Livraison<\/span>\n\t\t<\/span>\n\t\t\t\t\t<\/a>\n\t\t<\/div>\n\t\t\t\t<\/div>\n\t\t\t\t<\/div>\n\t\t\t\t<\/div>\n\t\t\t\t\t<\/div>\n\t\t\t\t<\/div>\n\t\t\t\t\t<\/div>\n\t\t\t\t<\/div>\n\t\t\t\t\t<\/div>\n\t\t\t\t<\/div>\n\t\t\t\t\t<\/div>\n\t\t\t\t<\/div>\n\t\t<div class=\"elementor-element elementor-element-441a36e e-flex e-con-boxed wpr-particle-no wpr-jarallax-no wpr-parallax-no wpr-sticky-section-no e-con\" data-id=\"441a36e\" data-element_type=\"container\" data-settings=\"{&quot;content_width&quot;:&quot;boxed&quot;}\">\n\t\t\t\t\t<div class=\"e-con-inner\">\n\t\t<div class=\"elementor-element elementor-element-315338f e-flex e-con-boxed wpr-particle-no wpr-jarallax-no wpr-parallax-no wpr-sticky-section-no e-con\" data-id=\"315338f\" data-element_type=\"container\" data-settings=\"{&quot;content_width&quot;:&quot;boxed&quot;}\">\n\t\t\t\t\t<div class=\"e-con-inner\">\n\t\t<div class=\"elementor-element elementor-element-43bd9fe e-flex e-con-boxed wpr-particle-no wpr-jarallax-no wpr-parallax-no wpr-sticky-section-no e-con\" data-id=\"43bd9fe\" data-element_type=\"container\" data-settings=\"{&quot;content_width&quot;:&quot;boxed&quot;}\">\n\t\t\t\t\t<div class=\"e-con-inner\">\n\t\t<div class=\"elementor-element elementor-element-e7c453a e-flex e-con-boxed wpr-particle-no wpr-jarallax-no wpr-parallax-no wpr-sticky-section-no e-con\" data-id=\"e7c453a\" data-element_type=\"container\" data-settings=\"{&quot;content_width&quot;:&quot;boxed&quot;}\">\n\t\t\t\t\t<div class=\"e-con-inner\">\n\t\t<div class=\"elementor-element elementor-element-738fb5a e-con-full e-flex wpr-particle-no wpr-jarallax-no wpr-parallax-no wpr-sticky-section-no e-con\" data-id=\"738fb5a\" data-element_type=\"container\" data-settings=\"{&quot;content_width&quot;:&quot;full&quot;}\">\n\t\t\t\t<div class=\"elementor-element elementor-element-d09624a elementor-widget elementor-widget-image\" data-id=\"d09624a\" data-element_type=\"widget\" data-widget_type=\"image.default\">\n\t\t\t\t<div class=\"elementor-widget-container\">\n\t\t\t\t\t\t\t\t\t\t\t\t\t\t\t<img loading=\"lazy\" decoding=\"async\" width=\"800\" height=\"800\" src=\"https:\/\/fer-et-pierre.com\/blog\/wp-content\/uploads\/2025\/04\/3.png\" class=\"attachment-large size-large wp-image-1538\" alt=\"transport s\u00e9curis\u00e9 de pas japonais sur camion grue\" srcset=\"https:\/\/fer-et-pierre.com\/blog\/wp-content\/uploads\/2025\/04\/3.png 800w, https:\/\/fer-et-pierre.com\/blog\/wp-content\/uploads\/2025\/04\/3-300x300.png 300w, https:\/\/fer-et-pierre.com\/blog\/wp-content\/uploads\/2025\/04\/3-150x150.png 150w, https:\/\/fer-et-pierre.com\/blog\/wp-content\/uploads\/2025\/04\/3-768x768.png 768w\" sizes=\"auto, (max-width: 800px) 100vw, 800px\" \/>\t\t\t\t\t\t\t\t\t\t\t\t\t\t\t<\/div>\n\t\t\t\t<\/div>\n\t\t\t\t<div class=\"elementor-element elementor-element-69edb42 elementor-align-center elementor-widget elementor-widget-button\" data-id=\"69edb42\" data-element_type=\"widget\" data-widget_type=\"button.default\">\n\t\t\t\t<div class=\"elementor-widget-container\">\n\t\t\t\t\t<div class=\"elementor-button-wrapper\">\n\t\t\t<a class=\"elementor-button elementor-button-link elementor-size-sm\" href=\"https:\/\/fer-et-pierre.com\/contact\/demande-de-devis-fer-pierre\" target=\"_blank\">\n\t\t\t\t\t\t<span class=\"elementor-button-content-wrapper\">\n\t\t\t\t\t\t<span class=\"elementor-button-text\">Devis<\/span>\n\t\t<\/span>\n\t\t\t\t\t<\/a>\n\t\t<\/div>\n\t\t\t\t<\/div>\n\t\t\t\t<\/div>\n\t\t\t\t<\/div>\n\t\t<div class=\"elementor-element elementor-element-73ac38b e-con-full e-flex wpr-particle-no wpr-jarallax-no wpr-parallax-no wpr-sticky-section-no e-con\" data-id=\"73ac38b\" data-element_type=\"container\" data-settings=\"{&quot;content_width&quot;:&quot;full&quot;}\">\n\t\t\t\t<div class=\"elementor-element elementor-element-eda443c elementor-widget elementor-widget-image\" data-id=\"eda443c\" data-element_type=\"widget\" data-widget_type=\"image.default\">\n\t\t\t\t<div class=\"elementor-widget-container\">\n\t\t\t\t\t\t\t\t\t\t\t\t\t\t\t<img loading=\"lazy\" decoding=\"async\" width=\"800\" height=\"800\" src=\"https:\/\/fer-et-pierre.com\/blog\/wp-content\/uploads\/2025\/04\/4.png\" class=\"attachment-large size-large wp-image-1539\" alt=\"Client r\u00e9cup\u00e9rant une commande de la pierre du lot opus incertum en magasin.\" srcset=\"https:\/\/fer-et-pierre.com\/blog\/wp-content\/uploads\/2025\/04\/4.png 800w, https:\/\/fer-et-pierre.com\/blog\/wp-content\/uploads\/2025\/04\/4-300x300.png 300w, https:\/\/fer-et-pierre.com\/blog\/wp-content\/uploads\/2025\/04\/4-150x150.png 150w, https:\/\/fer-et-pierre.com\/blog\/wp-content\/uploads\/2025\/04\/4-768x768.png 768w\" sizes=\"auto, (max-width: 800px) 100vw, 800px\" \/>\t\t\t\t\t\t\t\t\t\t\t\t\t\t\t<\/div>\n\t\t\t\t<\/div>\n\t\t\t\t<div class=\"elementor-element elementor-element-c8979f5 elementor-align-center elementor-widget elementor-widget-button\" data-id=\"c8979f5\" data-element_type=\"widget\" data-widget_type=\"button.default\">\n\t\t\t\t<div class=\"elementor-widget-container\">\n\t\t\t\t\t<div class=\"elementor-button-wrapper\">\n\t\t\t<a class=\"elementor-button elementor-button-link elementor-size-sm\" href=\"https:\/\/fer-et-pierre.com\/infos\/4-qui-sommes-nous\" target=\"_blank\">\n\t\t\t\t\t\t<span class=\"elementor-button-content-wrapper\">\n\t\t\t\t\t\t<span class=\"elementor-button-text\">Showroom<\/span>\n\t\t<\/span>\n\t\t\t\t\t<\/a>\n\t\t<\/div>\n\t\t\t\t<\/div>\n\t\t\t\t<\/div>\n\t\t\t\t<\/div>\n\t\t\t\t\t<\/div>\n\t\t\t\t<\/div>\n\t\t\t\t\t<\/div>\n\t\t\t\t<\/div>\n\t\t\t\t\t<\/div>\n\t\t\t\t<\/div>\n\t\t\t\t\t<\/div>\n\t\t\t\t<\/div>\n\t\t<div class=\"elementor-element elementor-element-5e1a2cf e-flex e-con-boxed wpr-particle-no wpr-jarallax-no wpr-parallax-no wpr-sticky-section-no e-con\" data-id=\"5e1a2cf\" data-element_type=\"container\" data-settings=\"{&quot;content_width&quot;:&quot;boxed&quot;}\">\n\t\t\t\t\t<div class=\"e-con-inner\">\n\t\t\t\t<div class=\"elementor-element elementor-element-d25e295 elementor-widget elementor-widget-heading\" data-id=\"d25e295\" data-element_type=\"widget\" data-widget_type=\"heading.default\">\n\t\t\t\t<div class=\"elementor-widget-container\">\n\t\t\t<h2 class=\"elementor-heading-title elementor-size-default\">Conclusion\n<\/h2>\t\t<\/div>\n\t\t\t\t<\/div>\n\t\t\t\t\t<\/div>\n\t\t\t\t<\/div>\n\t\t<div class=\"elementor-element elementor-element-ae6c362 e-flex e-con-boxed wpr-particle-no wpr-jarallax-no wpr-parallax-no wpr-sticky-section-no e-con\" data-id=\"ae6c362\" data-element_type=\"container\" data-settings=\"{&quot;content_width&quot;:&quot;boxed&quot;}\">\n\t\t\t\t\t<div class=\"e-con-inner\">\n\t\t\t\t<div class=\"elementor-element elementor-element-668265e elementor-widget elementor-widget-text-editor\" data-id=\"668265e\" data-element_type=\"widget\" data-widget_type=\"text-editor.default\">\n\t\t\t\t<div class=\"elementor-widget-container\">\n\t\t\t\t\t\t\t<p>Les pas japonais sont plus que de simples all\u00e9es : ce sont des invitations \u00e0 la contemplation, \u00e0 la lenteur, \u00e0 l\u2019harmonie. <b>Faciles \u00e0 poser, \u00e9conomiques, durables, ils s\u2019int\u00e8grent dans tous les styles de jardin.<\/b><\/p>\t\t\t\t\t\t<\/div>\n\t\t\t\t<\/div>\n\t\t\t\t<div class=\"elementor-element elementor-element-1865937 elementor-widget elementor-widget-text-editor\" data-id=\"1865937\" data-element_type=\"widget\" data-widget_type=\"text-editor.default\">\n\t\t\t\t<div class=\"elementor-widget-container\">\n\t\t\t\t\t\t\t<p>Avec <b>Fer &amp; Pierre<\/b>, vous avez \u00e0 vos c\u00f4t\u00e9s un partenaire de confiance pour r\u00e9ussir votre projet avec go\u00fbt et simplicit\u00e9.<\/p>\t\t\t\t\t\t<\/div>\n\t\t\t\t<\/div>\n\t\t\t\t<div class=\"elementor-element elementor-element-4c21b79 elementor-widget elementor-widget-text-editor\" data-id=\"4c21b79\" data-element_type=\"widget\" data-widget_type=\"text-editor.default\">\n\t\t\t\t<div class=\"elementor-widget-container\">\n\t\t\t\t\t\t\t<p><b>Besoin d\u2019inspiration ou d\u2019aide ?<\/b> Nos conseillers sont \u00e0 votre \u00e9coute pour vous accompagner, du choix du mat\u00e9riau \u00e0 la r\u00e9alisation finale.<\/p>\t\t\t\t\t\t<\/div>\n\t\t\t\t<\/div>\n\t\t\t\t<div class=\"elementor-element elementor-element-570933a elementor-widget elementor-widget-heading\" data-id=\"570933a\" data-element_type=\"widget\" data-widget_type=\"heading.default\">\n\t\t\t\t<div class=\"elementor-widget-container\">\n\t\t\t<h4 class=\"elementor-heading-title elementor-size-default\"><span class=\"OYPEnA font-feature-liga-off font-feature-clig-off font-feature-calt-off text-decoration-none text-strikethrough-none\" style=\"font-weight: 700; font-kerning: none;\">Venez visiter notre showroom \u00e0 BRETX (Toulouse)<\/span><\/h4>\t\t<\/div>\n\t\t\t\t<\/div>\n\t\t\t\t<div class=\"elementor-element elementor-element-cdcfe40 elementor-blockquote--skin-border elementor-blockquote--button-color-official elementor-widget elementor-widget-blockquote\" data-id=\"cdcfe40\" data-element_type=\"widget\" data-widget_type=\"blockquote.default\">\n\t\t\t\t<div class=\"elementor-widget-container\">\n\t\t\t\t\t<blockquote class=\"elementor-blockquote\">\n\t\t\t<p class=\"elementor-blockquote__content\">\n\t\t\t\t<b><i>D\u00e9couvrez en vrai nos pierres naturelles, tomettes, zelliges, poteries, ferronneries et bien plus encore.Touchez les mat\u00e9riaux, laissez-vous inspirer par nos mises en sc\u00e8ne, et profitez de conseils personnalis\u00e9s pour tous vos projets d\u2019am\u00e9nagement.<\/i><\/b>\t\t\t<\/p>\n\t\t\t\t\t<\/blockquote>\n\t\t\t\t<\/div>\n\t\t\t\t<\/div>\n\t\t\t\t<div class=\"elementor-element elementor-element-94928ef elementor-widget elementor-widget-heading\" data-id=\"94928ef\" data-element_type=\"widget\" data-widget_type=\"heading.default\">\n\t\t\t\t<div class=\"elementor-widget-container\">\n\t\t\t<h4 class=\"elementor-heading-title elementor-size-default\"><i><b> Pourquoi venir ?<\/b><\/i><\/h4>\t\t<\/div>\n\t\t\t\t<\/div>\n\t\t\t\t<div class=\"elementor-element elementor-element-30917af elementor-icon-list--layout-traditional elementor-list-item-link-full_width elementor-widget elementor-widget-icon-list\" data-id=\"30917af\" data-element_type=\"widget\" data-widget_type=\"icon-list.default\">\n\t\t\t\t<div class=\"elementor-widget-container\">\n\t\t\t\t\t<ul class=\"elementor-icon-list-items\">\n\t\t\t\t\t\t\t<li class=\"elementor-icon-list-item\">\n\t\t\t\t\t\t\t\t\t\t\t<span class=\"elementor-icon-list-icon\">\n\t\t\t\t\t\t\t<i aria-hidden=\"true\" class=\"fas fa-check-circle\"><\/i>\t\t\t\t\t\t<\/span>\n\t\t\t\t\t\t\t\t\t\t<span class=\"elementor-icon-list-text\">Voir, toucher, comparer nos produits<\/span>\n\t\t\t\t\t\t\t\t\t<\/li>\n\t\t\t\t\t\t\t\t<li class=\"elementor-icon-list-item\">\n\t\t\t\t\t\t\t\t\t\t\t<span class=\"elementor-icon-list-icon\">\n\t\t\t\t\t\t\t<i aria-hidden=\"true\" class=\"fas fa-check-circle\"><\/i>\t\t\t\t\t\t<\/span>\n\t\t\t\t\t\t\t\t\t\t<span class=\"elementor-icon-list-text\">Se faire conseiller par des pros<\/span>\n\t\t\t\t\t\t\t\t\t<\/li>\n\t\t\t\t\t\t\t\t<li class=\"elementor-icon-list-item\">\n\t\t\t\t\t\t\t\t\t\t\t<span class=\"elementor-icon-list-icon\">\n\t\t\t\t\t\t\t<i aria-hidden=\"true\" class=\"fas fa-check-circle\"><\/i>\t\t\t\t\t\t<\/span>\n\t\t\t\t\t\t\t\t\t\t<span class=\"elementor-icon-list-text\">Repartir avec des id\u00e9es concr\u00e8tes<\/span>\n\t\t\t\t\t\t\t\t\t<\/li>\n\t\t\t\t\t\t<\/ul>\n\t\t\t\t<\/div>\n\t\t\t\t<\/div>\n\t\t\t\t<div class=\"elementor-element elementor-element-b64a939 elementor-widget elementor-widget-heading\" data-id=\"b64a939\" data-element_type=\"widget\" data-widget_type=\"heading.default\">\n\t\t\t\t<div class=\"elementor-widget-container\">\n\t\t\t<h4 class=\"elementor-heading-title elementor-size-default\"><b><i>Pas sur Toulouse ?<\/i><\/b><\/h4>\t\t<\/div>\n\t\t\t\t<\/div>\n\t\t\t\t<div class=\"elementor-element elementor-element-9cf0bd2 elementor-widget elementor-widget-text-editor\" data-id=\"9cf0bd2\" data-element_type=\"widget\" data-widget_type=\"text-editor.default\">\n\t\t\t\t<div class=\"elementor-widget-container\">\n\t\t\t\t\t\t\t<p><span class=\"OYPEnA font-feature-liga-off font-feature-clig-off font-feature-calt-off text-decoration-none text-strikethrough-none\"><b>Aucun souci !<\/b> On livre partout en<b> France <\/b>: vous choisissez sur place, on vous envoie chez vous. <b>Simple, rapide, efficace.<\/b><\/span><\/p>\t\t\t\t\t\t<\/div>\n\t\t\t\t<\/div>\n\t\t\t\t\t<\/div>\n\t\t\t\t<\/div>\n\t\t<div class=\"elementor-element elementor-element-11fcf28 e-flex e-con-boxed wpr-particle-no wpr-jarallax-no wpr-parallax-no wpr-sticky-section-no e-con\" data-id=\"11fcf28\" data-element_type=\"container\" data-settings=\"{&quot;content_width&quot;:&quot;boxed&quot;}\">\n\t\t\t\t\t<div class=\"e-con-inner\">\n\t\t\t\t<div class=\"elementor-element elementor-element-ce398dd elementor-widget elementor-widget-image\" data-id=\"ce398dd\" data-element_type=\"widget\" data-widget_type=\"image.default\">\n\t\t\t\t<div class=\"elementor-widget-container\">\n\t\t\t\t\t\t\t\t\t\t\t\t\t\t\t<img decoding=\"async\" src=\"https:\/\/fer-et-pierre.com\/blog\/wp-content\/uploads\/2025\/04\/Produits-de-poses-3.png\" title=\"jardin japonais\" alt=\"All\u00e9e de pas japonais int\u00e9gr\u00e9e dans un jardin paysager inspirant, combinant pierres naturelles, v\u00e9g\u00e9tation harmonieuse et ambiance zen ou contemporaine, id\u00e9ale pour un espace ext\u00e9rieur\" loading=\"lazy\" \/>\t\t\t\t\t\t\t\t\t\t\t\t\t\t\t<\/div>\n\t\t\t\t<\/div>\n\t\t\t\t\t<\/div>\n\t\t\t\t<\/div>\n\t\t<div class=\"elementor-element elementor-element-64c0c2f e-flex e-con-boxed wpr-particle-no wpr-jarallax-no wpr-parallax-no wpr-sticky-section-no e-con\" data-id=\"64c0c2f\" data-element_type=\"container\" data-settings=\"{&quot;content_width&quot;:&quot;boxed&quot;}\">\n\t\t\t\t\t<div class=\"e-con-inner\">\n\t\t<div class=\"elementor-element elementor-element-e0ce567 e-con-full e-flex wpr-particle-no wpr-jarallax-no wpr-parallax-no wpr-sticky-section-no e-con\" data-id=\"e0ce567\" data-element_type=\"container\" data-settings=\"{&quot;content_width&quot;:&quot;full&quot;}\">\n\t\t\t\t<div class=\"elementor-element elementor-element-d453977 elementor-view-default elementor-mobile-position-top elementor-vertical-align-top elementor-widget elementor-widget-icon-box\" data-id=\"d453977\" data-element_type=\"widget\" data-widget_type=\"icon-box.default\">\n\t\t\t\t<div class=\"elementor-widget-container\">\n\t\t\t<link rel=\"stylesheet\" href=\"https:\/\/fer-et-pierre.com\/blog\/wp-content\/plugins\/elementor\/assets\/css\/widget-icon-box.min.css\">\t\t<div class=\"elementor-icon-box-wrapper\">\n\t\t\t\t\t\t<div class=\"elementor-icon-box-icon\">\n\t\t\t\t<span class=\"elementor-icon elementor-animation-\" >\n\t\t\t\t<i aria-hidden=\"true\" class=\"far fa-hand-spock\"><\/i>\t\t\t\t<\/span>\n\t\t\t<\/div>\n\t\t\t\t\t\t<div class=\"elementor-icon-box-content\">\n\t\t\t\t<h4 class=\"elementor-icon-box-title\">\n\t\t\t\t\t<span  >\n\t\t\t\t\t\tSAVOIR FAIRE DEPUIS 14 ANS\t\t\t\t\t<\/span>\n\t\t\t\t<\/h4>\n\t\t\t\t\t\t\t\t\t<p class=\"elementor-icon-box-description\">\n\t\t\t\t\t\tUn large choix de produit sur-mesure pour r\u00e9pondre \u00e0 vos envies les plus sp\u00e9cifiques !\t\t\t\t\t<\/p>\n\t\t\t\t\t\t\t<\/div>\n\t\t<\/div>\n\t\t\t\t<\/div>\n\t\t\t\t<\/div>\n\t\t\t\t<\/div>\n\t\t<div class=\"elementor-element elementor-element-cd5affa e-con-full e-flex wpr-particle-no wpr-jarallax-no wpr-parallax-no wpr-sticky-section-no e-con\" data-id=\"cd5affa\" data-element_type=\"container\" data-settings=\"{&quot;content_width&quot;:&quot;full&quot;}\">\n\t\t\t\t<div class=\"elementor-element elementor-element-308bd99 elementor-view-default elementor-mobile-position-top elementor-vertical-align-top elementor-widget elementor-widget-icon-box\" data-id=\"308bd99\" data-element_type=\"widget\" data-widget_type=\"icon-box.default\">\n\t\t\t\t<div class=\"elementor-widget-container\">\n\t\t\t\t\t<div class=\"elementor-icon-box-wrapper\">\n\t\t\t\t\t\t<div class=\"elementor-icon-box-icon\">\n\t\t\t\t<span class=\"elementor-icon elementor-animation-\" >\n\t\t\t\t<i aria-hidden=\"true\" class=\"fab fa-buromobelexperte\"><\/i>\t\t\t\t<\/span>\n\t\t\t<\/div>\n\t\t\t\t\t\t<div class=\"elementor-icon-box-content\">\n\t\t\t\t<h4 class=\"elementor-icon-box-title\">\n\t\t\t\t\t<span  >\n\t\t\t\t\t\tSHOWROOM DE PLUS 12 000 M2\t\t\t\t\t<\/span>\n\t\t\t\t<\/h4>\n\t\t\t\t\t\t\t\t\t<p class=\"elementor-icon-box-description\">\n\t\t\t\t\t\tPlus de 25 000 clients convaincus apr\u00e8s leur viste sur notre showroom aux portes de Toulouse !\t\t\t\t\t<\/p>\n\t\t\t\t\t\t\t<\/div>\n\t\t<\/div>\n\t\t\t\t<\/div>\n\t\t\t\t<\/div>\n\t\t\t\t<\/div>\n\t\t<div class=\"elementor-element elementor-element-e84ddc2 e-con-full e-flex wpr-particle-no wpr-jarallax-no wpr-parallax-no wpr-sticky-section-no e-con\" data-id=\"e84ddc2\" data-element_type=\"container\" data-settings=\"{&quot;content_width&quot;:&quot;full&quot;}\">\n\t\t\t\t<div class=\"elementor-element elementor-element-6ccd200 elementor-view-default elementor-mobile-position-top elementor-vertical-align-top elementor-widget elementor-widget-icon-box\" data-id=\"6ccd200\" data-element_type=\"widget\" data-widget_type=\"icon-box.default\">\n\t\t\t\t<div class=\"elementor-widget-container\">\n\t\t\t\t\t<div class=\"elementor-icon-box-wrapper\">\n\t\t\t\t\t\t<div class=\"elementor-icon-box-icon\">\n\t\t\t\t<span class=\"elementor-icon elementor-animation-\" >\n\t\t\t\t<i aria-hidden=\"true\" class=\"fas fa-phone-volume\"><\/i>\t\t\t\t<\/span>\n\t\t\t<\/div>\n\t\t\t\t\t\t<div class=\"elementor-icon-box-content\">\n\t\t\t\t<h4 class=\"elementor-icon-box-title\">\n\t\t\t\t\t<span  >\n\t\t\t\t\t\tSAV R\u00c9ACTIF\t\t\t\t\t<\/span>\n\t\t\t\t<\/h4>\n\t\t\t\t\t\t\t\t\t<p class=\"elementor-icon-box-description\">\n\t\t\t\t\t\tUne question, besoin d'aide ?\nOuvert du Lundi au Samedi de 9h \u00e0 19h NON STOP,\nsauf Mercredi ouvert uniquement de 9h \u00e0 12h.\t\t\t\t\t<\/p>\n\t\t\t\t\t\t\t<\/div>\n\t\t<\/div>\n\t\t\t\t<\/div>\n\t\t\t\t<\/div>\n\t\t\t\t<\/div>\n\t\t\t\t\t<\/div>\n\t\t\t\t<\/div>\n\t\t\t\t<section class=\"elementor-section elementor-top-section elementor-element elementor-element-55ee0309 elementor-section-boxed elementor-section-height-default elementor-section-height-default wpr-particle-no wpr-jarallax-no wpr-parallax-no wpr-sticky-section-no\" data-id=\"55ee0309\" data-element_type=\"section\">\n\t\t\t\t\t\t<div class=\"elementor-container elementor-column-gap-default\">\n\t\t\t\t\t<div class=\"elementor-column elementor-col-100 elementor-top-column elementor-element elementor-element-3f5681f8\" data-id=\"3f5681f8\" data-element_type=\"column\">\n\t\t\t<div class=\"elementor-widget-wrap elementor-element-populated\">\n\t\t\t\t\t\t\t\t<div class=\"elementor-element elementor-element-3c8865e elementor-widget elementor-widget-spacer\" data-id=\"3c8865e\" data-element_type=\"widget\" data-widget_type=\"spacer.default\">\n\t\t\t\t<div class=\"elementor-widget-container\">\n\t\t\t<style>\/*! elementor - v3.14.0 - 26-06-2023 *\/\n.elementor-column .elementor-spacer-inner{height:var(--spacer-size)}.e-con{--container-widget-width:100%}.e-con-inner>.elementor-widget-spacer,.e-con>.elementor-widget-spacer{width:var(--container-widget-width,var(--spacer-size));--align-self:var(--container-widget-align-self,initial);--flex-shrink:0}.e-con-inner>.elementor-widget-spacer>.elementor-widget-container,.e-con-inner>.elementor-widget-spacer>.elementor-widget-container>.elementor-spacer,.e-con>.elementor-widget-spacer>.elementor-widget-container,.e-con>.elementor-widget-spacer>.elementor-widget-container>.elementor-spacer{height:100%}.e-con-inner>.elementor-widget-spacer>.elementor-widget-container>.elementor-spacer>.elementor-spacer-inner,.e-con>.elementor-widget-spacer>.elementor-widget-container>.elementor-spacer>.elementor-spacer-inner{height:var(--container-widget-height,var(--spacer-size))}<\/style>\t\t<div class=\"elementor-spacer\">\n\t\t\t<div class=\"elementor-spacer-inner\"><\/div>\n\t\t<\/div>\n\t\t\t\t<\/div>\n\t\t\t\t<\/div>\n\t\t\t\t<div class=\"elementor-element elementor-element-540ec87b elementor-widget elementor-widget-heading\" data-id=\"540ec87b\" data-element_type=\"widget\" data-widget_type=\"heading.default\">\n\t\t\t\t<div class=\"elementor-widget-container\">\n\t\t\t<p class=\"elementor-heading-title elementor-size-default\">\u00c0 d\u00e9couvrir<\/p>\t\t<\/div>\n\t\t\t\t<\/div>\n\t\t\t\t<div class=\"elementor-element elementor-element-28773642 elementor-widget elementor-widget-heading\" data-id=\"28773642\" data-element_type=\"widget\" data-widget_type=\"heading.default\">\n\t\t\t\t<div class=\"elementor-widget-container\">\n\t\t\t<p class=\"elementor-heading-title elementor-size-default\">Ces articles peuvent vous int\u00e9resser<\/p>\t\t<\/div>\n\t\t\t\t<\/div>\n\t\t\t\t<div class=\"elementor-element elementor-element-147d936d elementor-grid-3 elementor-grid-tablet-2 elementor-grid-mobile-1 elementor-widget elementor-widget-elementor-blog-posts\" data-id=\"147d936d\" data-element_type=\"widget\" data-settings=\"{&quot;columns&quot;:&quot;3&quot;,&quot;columns_tablet&quot;:&quot;2&quot;,&quot;columns_mobile&quot;:&quot;1&quot;}\" data-widget_type=\"elementor-blog-posts.default\">\n\t\t\t\t<div class=\"elementor-widget-container\">\n\t\t\t\t\t<div class=\"wpcap-grid\">\n\t\t\t\t\t\t<div class=\"wpcap-grid-container elementor-grid wpcap-grid-desktop-3 wpcap-grid-tablet-2 wpcap-grid-mobile-1\">\n\n\t\t\t\t\n        <article id=\"post-2670\" class=\"wpcap-post post-2670 post type-post status-publish format-standard has-post-thumbnail hentry category-actualites category-conseil-entretien category-conseil-pose category-conseils-astuces\">\n         \n            <div class=\"post-grid-inner\">\n                \n                \t\t\t<div class=\"post-grid-thumbnail\">\n\t\t\t\t<a href=\"https:\/\/fer-et-pierre.com\/blog\/tables-zellige-50x50-cm-le-must-deco-pour-un-style-unique-et-artisanal\/\">\n\t\t\t\t\t<img loading=\"lazy\" decoding=\"async\" width=\"1200\" height=\"1200\" src=\"https:\/\/fer-et-pierre.com\/blog\/wp-content\/uploads\/2026\/04\/Table-en-Zellige-vert-siam-fer-et-pierre.webp\" class=\"attachment-full size-full wp-post-image\" alt=\"table en zellige dans un espace int\u00e9rieur ou ext\u00e9rieur avec mobilier de jardin\" srcset=\"https:\/\/fer-et-pierre.com\/blog\/wp-content\/uploads\/2026\/04\/Table-en-Zellige-vert-siam-fer-et-pierre.webp 1200w, https:\/\/fer-et-pierre.com\/blog\/wp-content\/uploads\/2026\/04\/Table-en-Zellige-vert-siam-fer-et-pierre-300x300.webp 300w, https:\/\/fer-et-pierre.com\/blog\/wp-content\/uploads\/2026\/04\/Table-en-Zellige-vert-siam-fer-et-pierre-1024x1024.webp 1024w, https:\/\/fer-et-pierre.com\/blog\/wp-content\/uploads\/2026\/04\/Table-en-Zellige-vert-siam-fer-et-pierre-150x150.webp 150w, https:\/\/fer-et-pierre.com\/blog\/wp-content\/uploads\/2026\/04\/Table-en-Zellige-vert-siam-fer-et-pierre-768x768.webp 768w\" sizes=\"auto, (max-width: 1200px) 100vw, 1200px\" \/>\t\t\t\t<\/a>\n\t\t\t<\/div>\n        \n                <div class=\"post-grid-text-wrap\">\n                    \t\t<div class=\"post-grid-meta\">\n\t\t\t\n\t\t\t\t<span class=\"post-date\"><time datetime=\"2026-04-17T12:46:46+02:00\">17 avril 2026<\/time><\/span>\n\n\t\t\t\t<span class=\"post-categories\"><a href=\"https:\/\/fer-et-pierre.com\/blog\/actualites\/\" rel=\"category tag\">Actualit\u00e9s<\/a>, <a href=\"https:\/\/fer-et-pierre.com\/blog\/conseil-entretien\/\" rel=\"category tag\">Conseils d'entretien<\/a>, <a href=\"https:\/\/fer-et-pierre.com\/blog\/conseil-pose\/\" rel=\"category tag\">Conseils de pose<\/a>, <a href=\"https:\/\/fer-et-pierre.com\/blog\/conseils-astuces\/\" rel=\"category tag\">Conseils et astuces<\/a><\/span>\t\t<\/div>\n\t\t                    \t\t<h3 class=\"title\">\n\t\t\t<a href=\"https:\/\/fer-et-pierre.com\/blog\/tables-zellige-50x50-cm-le-must-deco-pour-un-style-unique-et-artisanal\/\">Tables Zellige 50&#215;50 cm : le must d\u00e9co pour un style unique et artisanal<\/a>\n\t\t<\/h3>\n\t\t                                        \t\t<a class=\"read-more-btn\" href=\"https:\/\/fer-et-pierre.com\/blog\/tables-zellige-50x50-cm-le-must-deco-pour-un-style-unique-et-artisanal\/\">Lire l&#039;article<\/a>\n\t\t                <\/div>\n\n            <\/div><!-- .blog-inner -->\n           \n        <\/article>\n\n        \n        <article id=\"post-2629\" class=\"wpcap-post post-2629 post type-post status-publish format-standard has-post-thumbnail hentry category-actualites category-conseil-entretien category-conseil-pose category-conseils-astuces\">\n         \n            <div class=\"post-grid-inner\">\n                \n                \t\t\t<div class=\"post-grid-thumbnail\">\n\t\t\t\t<a href=\"https:\/\/fer-et-pierre.com\/blog\/porte-riad-marocaine-sublimez-votre-interieur-avec-une-porte-unique\/\">\n\t\t\t\t\t<img loading=\"lazy\" decoding=\"async\" width=\"1200\" height=\"1200\" src=\"https:\/\/fer-et-pierre.com\/blog\/wp-content\/uploads\/2026\/04\/Porte-Riad-Daw-artisanale\u2705.webp\" class=\"attachment-full size-full wp-post-image\" alt=\"porte riad marocaine en bois sculpt\u00e9 patin\u00e9 en ext\u00e9rieur avec plantes et fleurs\" srcset=\"https:\/\/fer-et-pierre.com\/blog\/wp-content\/uploads\/2026\/04\/Porte-Riad-Daw-artisanale\u2705.webp 1200w, https:\/\/fer-et-pierre.com\/blog\/wp-content\/uploads\/2026\/04\/Porte-Riad-Daw-artisanale\u2705-300x300.webp 300w, https:\/\/fer-et-pierre.com\/blog\/wp-content\/uploads\/2026\/04\/Porte-Riad-Daw-artisanale\u2705-1024x1024.webp 1024w, https:\/\/fer-et-pierre.com\/blog\/wp-content\/uploads\/2026\/04\/Porte-Riad-Daw-artisanale\u2705-150x150.webp 150w, https:\/\/fer-et-pierre.com\/blog\/wp-content\/uploads\/2026\/04\/Porte-Riad-Daw-artisanale\u2705-768x768.webp 768w\" sizes=\"auto, (max-width: 1200px) 100vw, 1200px\" \/>\t\t\t\t<\/a>\n\t\t\t<\/div>\n        \n                <div class=\"post-grid-text-wrap\">\n                    \t\t<div class=\"post-grid-meta\">\n\t\t\t\n\t\t\t\t<span class=\"post-date\"><time datetime=\"2026-04-03T15:37:27+02:00\">3 avril 2026<\/time><\/span>\n\n\t\t\t\t<span class=\"post-categories\"><a href=\"https:\/\/fer-et-pierre.com\/blog\/actualites\/\" rel=\"category tag\">Actualit\u00e9s<\/a>, <a href=\"https:\/\/fer-et-pierre.com\/blog\/conseil-entretien\/\" rel=\"category tag\">Conseils d'entretien<\/a>, <a href=\"https:\/\/fer-et-pierre.com\/blog\/conseil-pose\/\" rel=\"category tag\">Conseils de pose<\/a>, <a href=\"https:\/\/fer-et-pierre.com\/blog\/conseils-astuces\/\" rel=\"category tag\">Conseils et astuces<\/a><\/span>\t\t<\/div>\n\t\t                    \t\t<h3 class=\"title\">\n\t\t\t<a href=\"https:\/\/fer-et-pierre.com\/blog\/porte-riad-marocaine-sublimez-votre-interieur-avec-une-porte-unique\/\">Porte Riad marocaine : sublimez votre int\u00e9rieur avec une porte unique<\/a>\n\t\t<\/h3>\n\t\t                                        \t\t<a class=\"read-more-btn\" href=\"https:\/\/fer-et-pierre.com\/blog\/porte-riad-marocaine-sublimez-votre-interieur-avec-une-porte-unique\/\">Lire l&#039;article<\/a>\n\t\t                <\/div>\n\n            <\/div><!-- .blog-inner -->\n           \n        <\/article>\n\n        \n        <article id=\"post-2584\" class=\"wpcap-post post-2584 post type-post status-publish format-standard has-post-thumbnail hentry category-actualites category-conseil-entretien category-conseil-pose category-conseils-astuces\">\n         \n            <div class=\"post-grid-inner\">\n                \n                \t\t\t<div class=\"post-grid-thumbnail\">\n\t\t\t\t<a href=\"https:\/\/fer-et-pierre.com\/blog\/fontaine-en-zellige-marocaine-guide-dachat-et-conseils-dinstallation\/\">\n\t\t\t\t\t<img loading=\"lazy\" decoding=\"async\" width=\"1200\" height=\"1200\" src=\"https:\/\/fer-et-pierre.com\/blog\/wp-content\/uploads\/2026\/03\/Fontaine-fer-et-pierre.webp\" class=\"attachment-full size-full wp-post-image\" alt=\"fontaine en zellige bleu dans un patio avec plantes et mobilier ext\u00e9rieur\" srcset=\"https:\/\/fer-et-pierre.com\/blog\/wp-content\/uploads\/2026\/03\/Fontaine-fer-et-pierre.webp 1200w, https:\/\/fer-et-pierre.com\/blog\/wp-content\/uploads\/2026\/03\/Fontaine-fer-et-pierre-300x300.webp 300w, https:\/\/fer-et-pierre.com\/blog\/wp-content\/uploads\/2026\/03\/Fontaine-fer-et-pierre-1024x1024.webp 1024w, https:\/\/fer-et-pierre.com\/blog\/wp-content\/uploads\/2026\/03\/Fontaine-fer-et-pierre-150x150.webp 150w, https:\/\/fer-et-pierre.com\/blog\/wp-content\/uploads\/2026\/03\/Fontaine-fer-et-pierre-768x768.webp 768w\" sizes=\"auto, (max-width: 1200px) 100vw, 1200px\" \/>\t\t\t\t<\/a>\n\t\t\t<\/div>\n        \n                <div class=\"post-grid-text-wrap\">\n                    \t\t<div class=\"post-grid-meta\">\n\t\t\t\n\t\t\t\t<span class=\"post-date\"><time datetime=\"2026-03-27T11:31:39+01:00\">27 mars 2026<\/time><\/span>\n\n\t\t\t\t<span class=\"post-categories\"><a href=\"https:\/\/fer-et-pierre.com\/blog\/actualites\/\" rel=\"category tag\">Actualit\u00e9s<\/a>, <a href=\"https:\/\/fer-et-pierre.com\/blog\/conseil-entretien\/\" rel=\"category tag\">Conseils d'entretien<\/a>, <a href=\"https:\/\/fer-et-pierre.com\/blog\/conseil-pose\/\" rel=\"category tag\">Conseils de pose<\/a>, <a href=\"https:\/\/fer-et-pierre.com\/blog\/conseils-astuces\/\" rel=\"category tag\">Conseils et astuces<\/a><\/span>\t\t<\/div>\n\t\t                    \t\t<h3 class=\"title\">\n\t\t\t<a href=\"https:\/\/fer-et-pierre.com\/blog\/fontaine-en-zellige-marocaine-guide-dachat-et-conseils-dinstallation\/\">Fontaine en zellige marocaine : guide d\u2019achat et conseils d\u2019installation<\/a>\n\t\t<\/h3>\n\t\t                                        \t\t<a class=\"read-more-btn\" href=\"https:\/\/fer-et-pierre.com\/blog\/fontaine-en-zellige-marocaine-guide-dachat-et-conseils-dinstallation\/\">Lire l&#039;article<\/a>\n\t\t                <\/div>\n\n            <\/div><!-- .blog-inner -->\n           \n        <\/article>\n\n        \n\t\t\t<\/div>\n\t\t<\/div>\n\t\t\t\t<\/div>\n\t\t\t\t<\/div>\n\t\t\t\t\t<\/div>\n\t\t<\/div>\n\t\t\t\t\t\t\t<\/div>\n\t\t<\/section>\n\t\t\t\t\t\t\t<\/div>\n\t\t","protected":false},"excerpt":{"rendered":"<p>Attention : Vous r\u00eavez d\u2019un jardin avec les pas japonais \u00e9l\u00e9gant, facile \u00e0 entretenir et plein de charme ? Table des mati\u00e8res Les pas japonais sont peut-\u00eatre ce qu\u2019il vous faut ! Dans cet article, nous d\u00e9crivons toutes les \u00e9tapes n\u00e9cessaires pour transformer facilement n\u2019importe quel espace ext\u00e9rieur en pi\u00e8ce japonaise \u2013 qu\u2019il s\u2019agisse d\u2019un [&hellip;]<\/p>\n","protected":false},"author":2,"featured_media":1584,"comment_status":"closed","ping_status":"open","sticky":false,"template":"","format":"standard","meta":{"footnotes":""},"categories":[14,13,12,8],"tags":[],"class_list":["post-1553","post","type-post","status-publish","format-standard","has-post-thumbnail","hentry","category-actualites","category-conseil-entretien","category-conseil-pose","category-conseils-astuces"],"yoast_head":"<!-- This site is optimized with the Yoast SEO plugin v27.3 - https:\/\/yoast.com\/product\/yoast-seo-wordpress\/ -->\n<title>Pas Japonais en Pierre Naturelle : Inspiration, Pose facile<\/title>\n<meta name=\"description\" content=\"D\u00e9couvrez comment poser des pas japonais en pierre naturelle facilement. Conseils, id\u00e9es, mat\u00e9riaux et inspirations pour jardin zen.\" \/>\n<meta name=\"robots\" content=\"index, follow, max-snippet:-1, max-image-preview:large, max-video-preview:-1\" \/>\n<link rel=\"canonical\" href=\"https:\/\/fer-et-pierre.com\/blog\/pas-japonais-en-pierre-naturelle-inspiration-pose-facile-entretien-et-esthetique-zen\/\" \/>\n<meta property=\"og:locale\" content=\"fr_FR\" \/>\n<meta property=\"og:type\" content=\"article\" \/>\n<meta property=\"og:title\" content=\"Pas Japonais en Pierre Naturelle : Inspiration, Pose facile\" \/>\n<meta property=\"og:description\" content=\"D\u00e9couvrez comment poser des pas japonais en pierre naturelle facilement. Conseils, id\u00e9es, mat\u00e9riaux et inspirations pour jardin zen.\" \/>\n<meta property=\"og:url\" content=\"https:\/\/fer-et-pierre.com\/blog\/pas-japonais-en-pierre-naturelle-inspiration-pose-facile-entretien-et-esthetique-zen\/\" \/>\n<meta property=\"og:site_name\" content=\"Fer &amp; Pierre - Le Blog\" \/>\n<meta property=\"article:publisher\" content=\"https:\/\/www.facebook.com\/carreauxferetpierre\/\" \/>\n<meta property=\"article:published_time\" content=\"2025-04-18T16:02:51+00:00\" \/>\n<meta property=\"article:modified_time\" content=\"2026-01-29T14:50:02+00:00\" \/>\n<meta property=\"og:image\" content=\"https:\/\/fer-et-pierre.com\/blog\/wp-content\/uploads\/2025\/04\/PHOTO-2023-11-02-17-23-06-1.jpg\" \/>\n\t<meta property=\"og:image:width\" content=\"1024\" \/>\n\t<meta property=\"og:image:height\" content=\"1024\" \/>\n\t<meta property=\"og:image:type\" content=\"image\/jpeg\" \/>\n<meta name=\"author\" content=\"Larbi MOATAZ\" \/>\n<meta name=\"twitter:card\" content=\"summary_large_image\" \/>\n<meta name=\"twitter:label1\" content=\"\u00c9crit par\" \/>\n\t<meta name=\"twitter:data1\" content=\"Larbi MOATAZ\" \/>\n\t<meta name=\"twitter:label2\" content=\"Dur\u00e9e de lecture estim\u00e9e\" \/>\n\t<meta name=\"twitter:data2\" content=\"13 minutes\" \/>\n<script type=\"application\/ld+json\" class=\"yoast-schema-graph\">{\"@context\":\"https:\\\/\\\/schema.org\",\"@graph\":[{\"@type\":\"Article\",\"@id\":\"https:\\\/\\\/fer-et-pierre.com\\\/blog\\\/pas-japonais-en-pierre-naturelle-inspiration-pose-facile-entretien-et-esthetique-zen\\\/#article\",\"isPartOf\":{\"@id\":\"https:\\\/\\\/fer-et-pierre.com\\\/blog\\\/pas-japonais-en-pierre-naturelle-inspiration-pose-facile-entretien-et-esthetique-zen\\\/\"},\"author\":{\"name\":\"Larbi MOATAZ\",\"@id\":\"https:\\\/\\\/fer-et-pierre.com\\\/blog\\\/#\\\/schema\\\/person\\\/0631d6c329b6aad906ca3261e1d6a87a\"},\"headline\":\"Pas Japonais en Pierre Naturelle : Inspiration, Pose facile, Entretien et Esth\u00e9tique Zen\",\"datePublished\":\"2025-04-18T16:02:51+00:00\",\"dateModified\":\"2026-01-29T14:50:02+00:00\",\"mainEntityOfPage\":{\"@id\":\"https:\\\/\\\/fer-et-pierre.com\\\/blog\\\/pas-japonais-en-pierre-naturelle-inspiration-pose-facile-entretien-et-esthetique-zen\\\/\"},\"wordCount\":1417,\"publisher\":{\"@id\":\"https:\\\/\\\/fer-et-pierre.com\\\/blog\\\/#organization\"},\"image\":{\"@id\":\"https:\\\/\\\/fer-et-pierre.com\\\/blog\\\/pas-japonais-en-pierre-naturelle-inspiration-pose-facile-entretien-et-esthetique-zen\\\/#primaryimage\"},\"thumbnailUrl\":\"https:\\\/\\\/fer-et-pierre.com\\\/blog\\\/wp-content\\\/uploads\\\/2025\\\/04\\\/PHOTO-2023-11-02-17-23-06-1.jpg\",\"articleSection\":[\"Actualit\u00e9s\",\"Conseils d'entretien\",\"Conseils de pose\",\"Conseils et astuces\"],\"inLanguage\":\"fr-FR\"},{\"@type\":\"WebPage\",\"@id\":\"https:\\\/\\\/fer-et-pierre.com\\\/blog\\\/pas-japonais-en-pierre-naturelle-inspiration-pose-facile-entretien-et-esthetique-zen\\\/\",\"url\":\"https:\\\/\\\/fer-et-pierre.com\\\/blog\\\/pas-japonais-en-pierre-naturelle-inspiration-pose-facile-entretien-et-esthetique-zen\\\/\",\"name\":\"Pas Japonais en Pierre Naturelle : Inspiration, Pose facile\",\"isPartOf\":{\"@id\":\"https:\\\/\\\/fer-et-pierre.com\\\/blog\\\/#website\"},\"primaryImageOfPage\":{\"@id\":\"https:\\\/\\\/fer-et-pierre.com\\\/blog\\\/pas-japonais-en-pierre-naturelle-inspiration-pose-facile-entretien-et-esthetique-zen\\\/#primaryimage\"},\"image\":{\"@id\":\"https:\\\/\\\/fer-et-pierre.com\\\/blog\\\/pas-japonais-en-pierre-naturelle-inspiration-pose-facile-entretien-et-esthetique-zen\\\/#primaryimage\"},\"thumbnailUrl\":\"https:\\\/\\\/fer-et-pierre.com\\\/blog\\\/wp-content\\\/uploads\\\/2025\\\/04\\\/PHOTO-2023-11-02-17-23-06-1.jpg\",\"datePublished\":\"2025-04-18T16:02:51+00:00\",\"dateModified\":\"2026-01-29T14:50:02+00:00\",\"description\":\"D\u00e9couvrez comment poser des pas japonais en pierre naturelle facilement. Conseils, id\u00e9es, mat\u00e9riaux et inspirations pour jardin zen.\",\"breadcrumb\":{\"@id\":\"https:\\\/\\\/fer-et-pierre.com\\\/blog\\\/pas-japonais-en-pierre-naturelle-inspiration-pose-facile-entretien-et-esthetique-zen\\\/#breadcrumb\"},\"inLanguage\":\"fr-FR\",\"potentialAction\":[{\"@type\":\"ReadAction\",\"target\":[\"https:\\\/\\\/fer-et-pierre.com\\\/blog\\\/pas-japonais-en-pierre-naturelle-inspiration-pose-facile-entretien-et-esthetique-zen\\\/\"]}]},{\"@type\":\"ImageObject\",\"inLanguage\":\"fr-FR\",\"@id\":\"https:\\\/\\\/fer-et-pierre.com\\\/blog\\\/pas-japonais-en-pierre-naturelle-inspiration-pose-facile-entretien-et-esthetique-zen\\\/#primaryimage\",\"url\":\"https:\\\/\\\/fer-et-pierre.com\\\/blog\\\/wp-content\\\/uploads\\\/2025\\\/04\\\/PHOTO-2023-11-02-17-23-06-1.jpg\",\"contentUrl\":\"https:\\\/\\\/fer-et-pierre.com\\\/blog\\\/wp-content\\\/uploads\\\/2025\\\/04\\\/PHOTO-2023-11-02-17-23-06-1.jpg\",\"width\":1024,\"height\":1024},{\"@type\":\"BreadcrumbList\",\"@id\":\"https:\\\/\\\/fer-et-pierre.com\\\/blog\\\/pas-japonais-en-pierre-naturelle-inspiration-pose-facile-entretien-et-esthetique-zen\\\/#breadcrumb\",\"itemListElement\":[{\"@type\":\"ListItem\",\"position\":1,\"name\":\"Blog Fer &amp; Pierre\",\"item\":\"https:\\\/\\\/fer-et-pierre.com\\\/blog\\\/\"},{\"@type\":\"ListItem\",\"position\":2,\"name\":\"Conseils et astuces\",\"item\":\"https:\\\/\\\/fer-et-pierre.com\\\/blog\\\/conseils-astuces\\\/\"},{\"@type\":\"ListItem\",\"position\":3,\"name\":\"Pas Japonais en Pierre Naturelle : Inspiration, Pose facile, Entretien et Esth\u00e9tique Zen\"}]},{\"@type\":\"WebSite\",\"@id\":\"https:\\\/\\\/fer-et-pierre.com\\\/blog\\\/#website\",\"url\":\"https:\\\/\\\/fer-et-pierre.com\\\/blog\\\/\",\"name\":\"Fer & Pierre - Le Blog\",\"description\":\"D\u00e9couvrez tous nos conseils et toutes nos actualit\u00e9s\",\"publisher\":{\"@id\":\"https:\\\/\\\/fer-et-pierre.com\\\/blog\\\/#organization\"},\"potentialAction\":[{\"@type\":\"SearchAction\",\"target\":{\"@type\":\"EntryPoint\",\"urlTemplate\":\"https:\\\/\\\/fer-et-pierre.com\\\/blog\\\/?s={search_term_string}\"},\"query-input\":{\"@type\":\"PropertyValueSpecification\",\"valueRequired\":true,\"valueName\":\"search_term_string\"}}],\"inLanguage\":\"fr-FR\"},{\"@type\":\"Organization\",\"@id\":\"https:\\\/\\\/fer-et-pierre.com\\\/blog\\\/#organization\",\"name\":\"Fer & Pierre\",\"url\":\"https:\\\/\\\/fer-et-pierre.com\\\/blog\\\/\",\"logo\":{\"@type\":\"ImageObject\",\"inLanguage\":\"fr-FR\",\"@id\":\"https:\\\/\\\/fer-et-pierre.com\\\/blog\\\/#\\\/schema\\\/logo\\\/image\\\/\",\"url\":\"https:\\\/\\\/fer-et-pierre.com\\\/blog\\\/wp-content\\\/uploads\\\/2023\\\/05\\\/cropped-logo-fer-et-pierre-1.png\",\"contentUrl\":\"https:\\\/\\\/fer-et-pierre.com\\\/blog\\\/wp-content\\\/uploads\\\/2023\\\/05\\\/cropped-logo-fer-et-pierre-1.png\",\"width\":359,\"height\":140,\"caption\":\"Fer & Pierre\"},\"image\":{\"@id\":\"https:\\\/\\\/fer-et-pierre.com\\\/blog\\\/#\\\/schema\\\/logo\\\/image\\\/\"},\"sameAs\":[\"https:\\\/\\\/www.facebook.com\\\/carreauxferetpierre\\\/\",\"https:\\\/\\\/www.instagram.com\\\/feretpierre31\\\/\",\"https:\\\/\\\/www.pinterest.fr\\\/feretpierre31\\\/\"]},{\"@type\":\"Person\",\"@id\":\"https:\\\/\\\/fer-et-pierre.com\\\/blog\\\/#\\\/schema\\\/person\\\/0631d6c329b6aad906ca3261e1d6a87a\",\"name\":\"Larbi MOATAZ\",\"image\":{\"@type\":\"ImageObject\",\"inLanguage\":\"fr-FR\",\"@id\":\"https:\\\/\\\/secure.gravatar.com\\\/avatar\\\/95a1eb40c13a4a263835cf29a4193a6090d548c706544dd6a65357054861cfc4?s=96&d=mm&r=g\",\"url\":\"https:\\\/\\\/secure.gravatar.com\\\/avatar\\\/95a1eb40c13a4a263835cf29a4193a6090d548c706544dd6a65357054861cfc4?s=96&d=mm&r=g\",\"contentUrl\":\"https:\\\/\\\/secure.gravatar.com\\\/avatar\\\/95a1eb40c13a4a263835cf29a4193a6090d548c706544dd6a65357054861cfc4?s=96&d=mm&r=g\",\"caption\":\"Larbi MOATAZ\"},\"url\":\"https:\\\/\\\/fer-et-pierre.com\\\/blog\\\/author\\\/clementferetpierre\\\/\"}]}<\/script>\n<!-- \/ Yoast SEO plugin. -->","yoast_head_json":{"title":"Pas Japonais en Pierre Naturelle : Inspiration, Pose facile","description":"D\u00e9couvrez comment poser des pas japonais en pierre naturelle facilement. Conseils, id\u00e9es, mat\u00e9riaux et inspirations pour jardin zen.","robots":{"index":"index","follow":"follow","max-snippet":"max-snippet:-1","max-image-preview":"max-image-preview:large","max-video-preview":"max-video-preview:-1"},"canonical":"https:\/\/fer-et-pierre.com\/blog\/pas-japonais-en-pierre-naturelle-inspiration-pose-facile-entretien-et-esthetique-zen\/","og_locale":"fr_FR","og_type":"article","og_title":"Pas Japonais en Pierre Naturelle : Inspiration, Pose facile","og_description":"D\u00e9couvrez comment poser des pas japonais en pierre naturelle facilement. Conseils, id\u00e9es, mat\u00e9riaux et inspirations pour jardin zen.","og_url":"https:\/\/fer-et-pierre.com\/blog\/pas-japonais-en-pierre-naturelle-inspiration-pose-facile-entretien-et-esthetique-zen\/","og_site_name":"Fer &amp; Pierre - Le Blog","article_publisher":"https:\/\/www.facebook.com\/carreauxferetpierre\/","article_published_time":"2025-04-18T16:02:51+00:00","article_modified_time":"2026-01-29T14:50:02+00:00","og_image":[{"width":1024,"height":1024,"url":"https:\/\/fer-et-pierre.com\/blog\/wp-content\/uploads\/2025\/04\/PHOTO-2023-11-02-17-23-06-1.jpg","type":"image\/jpeg"}],"author":"Larbi MOATAZ","twitter_card":"summary_large_image","twitter_misc":{"\u00c9crit par":"Larbi MOATAZ","Dur\u00e9e de lecture estim\u00e9e":"13 minutes"},"schema":{"@context":"https:\/\/schema.org","@graph":[{"@type":"Article","@id":"https:\/\/fer-et-pierre.com\/blog\/pas-japonais-en-pierre-naturelle-inspiration-pose-facile-entretien-et-esthetique-zen\/#article","isPartOf":{"@id":"https:\/\/fer-et-pierre.com\/blog\/pas-japonais-en-pierre-naturelle-inspiration-pose-facile-entretien-et-esthetique-zen\/"},"author":{"name":"Larbi MOATAZ","@id":"https:\/\/fer-et-pierre.com\/blog\/#\/schema\/person\/0631d6c329b6aad906ca3261e1d6a87a"},"headline":"Pas Japonais en Pierre Naturelle : Inspiration, Pose facile, Entretien et Esth\u00e9tique Zen","datePublished":"2025-04-18T16:02:51+00:00","dateModified":"2026-01-29T14:50:02+00:00","mainEntityOfPage":{"@id":"https:\/\/fer-et-pierre.com\/blog\/pas-japonais-en-pierre-naturelle-inspiration-pose-facile-entretien-et-esthetique-zen\/"},"wordCount":1417,"publisher":{"@id":"https:\/\/fer-et-pierre.com\/blog\/#organization"},"image":{"@id":"https:\/\/fer-et-pierre.com\/blog\/pas-japonais-en-pierre-naturelle-inspiration-pose-facile-entretien-et-esthetique-zen\/#primaryimage"},"thumbnailUrl":"https:\/\/fer-et-pierre.com\/blog\/wp-content\/uploads\/2025\/04\/PHOTO-2023-11-02-17-23-06-1.jpg","articleSection":["Actualit\u00e9s","Conseils d'entretien","Conseils de pose","Conseils et astuces"],"inLanguage":"fr-FR"},{"@type":"WebPage","@id":"https:\/\/fer-et-pierre.com\/blog\/pas-japonais-en-pierre-naturelle-inspiration-pose-facile-entretien-et-esthetique-zen\/","url":"https:\/\/fer-et-pierre.com\/blog\/pas-japonais-en-pierre-naturelle-inspiration-pose-facile-entretien-et-esthetique-zen\/","name":"Pas Japonais en Pierre Naturelle : Inspiration, Pose facile","isPartOf":{"@id":"https:\/\/fer-et-pierre.com\/blog\/#website"},"primaryImageOfPage":{"@id":"https:\/\/fer-et-pierre.com\/blog\/pas-japonais-en-pierre-naturelle-inspiration-pose-facile-entretien-et-esthetique-zen\/#primaryimage"},"image":{"@id":"https:\/\/fer-et-pierre.com\/blog\/pas-japonais-en-pierre-naturelle-inspiration-pose-facile-entretien-et-esthetique-zen\/#primaryimage"},"thumbnailUrl":"https:\/\/fer-et-pierre.com\/blog\/wp-content\/uploads\/2025\/04\/PHOTO-2023-11-02-17-23-06-1.jpg","datePublished":"2025-04-18T16:02:51+00:00","dateModified":"2026-01-29T14:50:02+00:00","description":"D\u00e9couvrez comment poser des pas japonais en pierre naturelle facilement. Conseils, id\u00e9es, mat\u00e9riaux et inspirations pour jardin zen.","breadcrumb":{"@id":"https:\/\/fer-et-pierre.com\/blog\/pas-japonais-en-pierre-naturelle-inspiration-pose-facile-entretien-et-esthetique-zen\/#breadcrumb"},"inLanguage":"fr-FR","potentialAction":[{"@type":"ReadAction","target":["https:\/\/fer-et-pierre.com\/blog\/pas-japonais-en-pierre-naturelle-inspiration-pose-facile-entretien-et-esthetique-zen\/"]}]},{"@type":"ImageObject","inLanguage":"fr-FR","@id":"https:\/\/fer-et-pierre.com\/blog\/pas-japonais-en-pierre-naturelle-inspiration-pose-facile-entretien-et-esthetique-zen\/#primaryimage","url":"https:\/\/fer-et-pierre.com\/blog\/wp-content\/uploads\/2025\/04\/PHOTO-2023-11-02-17-23-06-1.jpg","contentUrl":"https:\/\/fer-et-pierre.com\/blog\/wp-content\/uploads\/2025\/04\/PHOTO-2023-11-02-17-23-06-1.jpg","width":1024,"height":1024},{"@type":"BreadcrumbList","@id":"https:\/\/fer-et-pierre.com\/blog\/pas-japonais-en-pierre-naturelle-inspiration-pose-facile-entretien-et-esthetique-zen\/#breadcrumb","itemListElement":[{"@type":"ListItem","position":1,"name":"Blog Fer &amp; Pierre","item":"https:\/\/fer-et-pierre.com\/blog\/"},{"@type":"ListItem","position":2,"name":"Conseils et astuces","item":"https:\/\/fer-et-pierre.com\/blog\/conseils-astuces\/"},{"@type":"ListItem","position":3,"name":"Pas Japonais en Pierre Naturelle : Inspiration, Pose facile, Entretien et Esth\u00e9tique Zen"}]},{"@type":"WebSite","@id":"https:\/\/fer-et-pierre.com\/blog\/#website","url":"https:\/\/fer-et-pierre.com\/blog\/","name":"Fer & Pierre - Le Blog","description":"D\u00e9couvrez tous nos conseils et toutes nos actualit\u00e9s","publisher":{"@id":"https:\/\/fer-et-pierre.com\/blog\/#organization"},"potentialAction":[{"@type":"SearchAction","target":{"@type":"EntryPoint","urlTemplate":"https:\/\/fer-et-pierre.com\/blog\/?s={search_term_string}"},"query-input":{"@type":"PropertyValueSpecification","valueRequired":true,"valueName":"search_term_string"}}],"inLanguage":"fr-FR"},{"@type":"Organization","@id":"https:\/\/fer-et-pierre.com\/blog\/#organization","name":"Fer & Pierre","url":"https:\/\/fer-et-pierre.com\/blog\/","logo":{"@type":"ImageObject","inLanguage":"fr-FR","@id":"https:\/\/fer-et-pierre.com\/blog\/#\/schema\/logo\/image\/","url":"https:\/\/fer-et-pierre.com\/blog\/wp-content\/uploads\/2023\/05\/cropped-logo-fer-et-pierre-1.png","contentUrl":"https:\/\/fer-et-pierre.com\/blog\/wp-content\/uploads\/2023\/05\/cropped-logo-fer-et-pierre-1.png","width":359,"height":140,"caption":"Fer & Pierre"},"image":{"@id":"https:\/\/fer-et-pierre.com\/blog\/#\/schema\/logo\/image\/"},"sameAs":["https:\/\/www.facebook.com\/carreauxferetpierre\/","https:\/\/www.instagram.com\/feretpierre31\/","https:\/\/www.pinterest.fr\/feretpierre31\/"]},{"@type":"Person","@id":"https:\/\/fer-et-pierre.com\/blog\/#\/schema\/person\/0631d6c329b6aad906ca3261e1d6a87a","name":"Larbi MOATAZ","image":{"@type":"ImageObject","inLanguage":"fr-FR","@id":"https:\/\/secure.gravatar.com\/avatar\/95a1eb40c13a4a263835cf29a4193a6090d548c706544dd6a65357054861cfc4?s=96&d=mm&r=g","url":"https:\/\/secure.gravatar.com\/avatar\/95a1eb40c13a4a263835cf29a4193a6090d548c706544dd6a65357054861cfc4?s=96&d=mm&r=g","contentUrl":"https:\/\/secure.gravatar.com\/avatar\/95a1eb40c13a4a263835cf29a4193a6090d548c706544dd6a65357054861cfc4?s=96&d=mm&r=g","caption":"Larbi MOATAZ"},"url":"https:\/\/fer-et-pierre.com\/blog\/author\/clementferetpierre\/"}]}},"_links":{"self":[{"href":"https:\/\/fer-et-pierre.com\/blog\/wp-json\/wp\/v2\/posts\/1553","targetHints":{"allow":["GET"]}}],"collection":[{"href":"https:\/\/fer-et-pierre.com\/blog\/wp-json\/wp\/v2\/posts"}],"about":[{"href":"https:\/\/fer-et-pierre.com\/blog\/wp-json\/wp\/v2\/types\/post"}],"author":[{"embeddable":true,"href":"https:\/\/fer-et-pierre.com\/blog\/wp-json\/wp\/v2\/users\/2"}],"replies":[{"embeddable":true,"href":"https:\/\/fer-et-pierre.com\/blog\/wp-json\/wp\/v2\/comments?post=1553"}],"version-history":[{"count":11,"href":"https:\/\/fer-et-pierre.com\/blog\/wp-json\/wp\/v2\/posts\/1553\/revisions"}],"predecessor-version":[{"id":2324,"href":"https:\/\/fer-et-pierre.com\/blog\/wp-json\/wp\/v2\/posts\/1553\/revisions\/2324"}],"wp:featuredmedia":[{"embeddable":true,"href":"https:\/\/fer-et-pierre.com\/blog\/wp-json\/wp\/v2\/media\/1584"}],"wp:attachment":[{"href":"https:\/\/fer-et-pierre.com\/blog\/wp-json\/wp\/v2\/media?parent=1553"}],"wp:term":[{"taxonomy":"category","embeddable":true,"href":"https:\/\/fer-et-pierre.com\/blog\/wp-json\/wp\/v2\/categories?post=1553"},{"taxonomy":"post_tag","embeddable":true,"href":"https:\/\/fer-et-pierre.com\/blog\/wp-json\/wp\/v2\/tags?post=1553"}],"curies":[{"name":"wp","href":"https:\/\/api.w.org\/{rel}","templated":true}]}}