{"id":1105,"date":"2024-10-31T10:47:58","date_gmt":"2024-10-31T09:47:58","guid":{"rendered":"https:\/\/fer-et-pierre.com\/blog\/?p=1105"},"modified":"2025-01-28T09:49:18","modified_gmt":"2025-01-28T08:49:18","slug":"voyage-au-coeur-des-tapis-berberes","status":"publish","type":"post","link":"https:\/\/fer-et-pierre.com\/blog\/voyage-au-coeur-des-tapis-berberes\/","title":{"rendered":"Voyage au coeur des Tapis Berb\u00e8res"},"content":{"rendered":"\t\t<div data-elementor-type=\"wp-post\" data-elementor-id=\"1105\" class=\"elementor elementor-1105\" data-elementor-post-type=\"post\">\n\t\t\t\t\t\t\t\t\t<section class=\"elementor-section elementor-top-section elementor-element elementor-element-694668e7 elementor-section-boxed elementor-section-height-default elementor-section-height-default wpr-particle-no wpr-jarallax-no wpr-parallax-no wpr-sticky-section-no\" data-id=\"694668e7\" data-element_type=\"section\">\n\t\t\t\t\t\t<div class=\"elementor-container elementor-column-gap-default\">\n\t\t\t\t\t<div class=\"elementor-column elementor-col-100 elementor-top-column elementor-element elementor-element-46cf8e75\" data-id=\"46cf8e75\" data-element_type=\"column\">\n\t\t\t<div class=\"elementor-widget-wrap elementor-element-populated\">\n\t\t\t\t\t\t\t\t<div class=\"elementor-element elementor-element-3de423ef elementor-widget elementor-widget-text-editor\" data-id=\"3de423ef\" data-element_type=\"widget\" data-widget_type=\"text-editor.default\">\n\t\t\t\t<div class=\"elementor-widget-container\">\n\t\t\t<style>\/*! elementor - v3.14.0 - 26-06-2023 *\/\n.elementor-widget-text-editor.elementor-drop-cap-view-stacked .elementor-drop-cap{background-color:#69727d;color:#fff}.elementor-widget-text-editor.elementor-drop-cap-view-framed .elementor-drop-cap{color:#69727d;border:3px solid;background-color:transparent}.elementor-widget-text-editor:not(.elementor-drop-cap-view-default) .elementor-drop-cap{margin-top:8px}.elementor-widget-text-editor:not(.elementor-drop-cap-view-default) .elementor-drop-cap-letter{width:1em;height:1em}.elementor-widget-text-editor .elementor-drop-cap{float:left;text-align:center;line-height:1;font-size:50px}.elementor-widget-text-editor .elementor-drop-cap-letter{display:inline-block}<\/style>\t\t\t\t<!-- wp:heading {\"textAlign\":\"center\",\"level\":3} -->\n<h4 class=\"wp-block-heading has-text-align-center\">L&rsquo;art de sublimez votre int\u00e9rieur<\/h4>\n<!-- \/wp:heading -->\t\t\t\t\t\t<\/div>\n\t\t\t\t<\/div>\n\t\t\t\t\t<\/div>\n\t\t<\/div>\n\t\t\t\t\t\t\t<\/div>\n\t\t<\/section>\n\t\t<div class=\"elementor-element elementor-element-733e18c e-flex e-con-boxed wpr-particle-no wpr-jarallax-no wpr-parallax-no wpr-sticky-section-no e-con\" data-id=\"733e18c\" data-element_type=\"container\" data-settings=\"{&quot;content_width&quot;:&quot;boxed&quot;}\">\n\t\t\t\t\t<div class=\"e-con-inner\">\n\t\t\t\t<div class=\"elementor-element elementor-element-befea4c elementor-widget elementor-widget-text-editor\" data-id=\"befea4c\" data-element_type=\"widget\" data-widget_type=\"text-editor.default\">\n\t\t\t\t<div class=\"elementor-widget-container\">\n\t\t\t\t\t\t\t\t\t\t\t\t\t<\/div>\n\t\t\t\t<\/div>\n\t\t\t\t\t<\/div>\n\t\t\t\t<\/div>\n\t\t<div class=\"elementor-element elementor-element-4f99ea0 e-flex e-con-boxed wpr-particle-no wpr-jarallax-no wpr-parallax-no wpr-sticky-section-no e-con\" data-id=\"4f99ea0\" data-element_type=\"container\" data-settings=\"{&quot;content_width&quot;:&quot;boxed&quot;}\">\n\t\t\t\t\t<div class=\"e-con-inner\">\n\t\t\t\t<div class=\"elementor-element elementor-element-9ba5bcb elementor-widget elementor-widget-text-editor\" data-id=\"9ba5bcb\" data-element_type=\"widget\" data-widget_type=\"text-editor.default\">\n\t\t\t\t<div class=\"elementor-widget-container\">\n\t\t\t\t\t\t\t<p><i>Vous r\u00eavez d&rsquo;un tapis de qualit\u00e9 pour r\u00e9chauffer votre int\u00e9rieur, partez avec nous \u00e0 la d\u00e9couverte des tapis Berb\u00e8res.<\/i><\/p>\t\t\t\t\t\t<\/div>\n\t\t\t\t<\/div>\n\t\t\t\t\t<\/div>\n\t\t\t\t<\/div>\n\t\t<div class=\"elementor-element elementor-element-38e3b34 e-flex e-con-boxed wpr-particle-no wpr-jarallax-no wpr-parallax-no wpr-sticky-section-no e-con\" data-id=\"38e3b34\" data-element_type=\"container\" data-settings=\"{&quot;content_width&quot;:&quot;boxed&quot;}\">\n\t\t\t\t\t<div class=\"e-con-inner\">\n\t\t\t\t<div class=\"elementor-element elementor-element-a1590f3 elementor-widget elementor-widget-heading\" data-id=\"a1590f3\" data-element_type=\"widget\" data-widget_type=\"heading.default\">\n\t\t\t\t<div class=\"elementor-widget-container\">\n\t\t\t<style>\/*! elementor - v3.14.0 - 26-06-2023 *\/\n.elementor-heading-title{padding:0;margin:0;line-height:1}.elementor-widget-heading .elementor-heading-title[class*=elementor-size-]>a{color:inherit;font-size:inherit;line-height:inherit}.elementor-widget-heading .elementor-heading-title.elementor-size-small{font-size:15px}.elementor-widget-heading .elementor-heading-title.elementor-size-medium{font-size:19px}.elementor-widget-heading .elementor-heading-title.elementor-size-large{font-size:29px}.elementor-widget-heading .elementor-heading-title.elementor-size-xl{font-size:39px}.elementor-widget-heading .elementor-heading-title.elementor-size-xxl{font-size:59px}<\/style><h2 class=\"elementor-heading-title elementor-size-default\"><b>Les origines du Tapis Berb\u00e8res<\/b><\/h2>\t\t<\/div>\n\t\t\t\t<\/div>\n\t\t\t\t\t<\/div>\n\t\t\t\t<\/div>\n\t\t<div class=\"elementor-element elementor-element-a68e7fc e-flex e-con-boxed wpr-particle-no wpr-jarallax-no wpr-parallax-no wpr-sticky-section-no e-con\" data-id=\"a68e7fc\" data-element_type=\"container\" data-settings=\"{&quot;content_width&quot;:&quot;boxed&quot;}\">\n\t\t\t\t\t<div class=\"e-con-inner\">\n\t\t\t\t<div class=\"elementor-element elementor-element-77aeff7 elementor-widget elementor-widget-text-editor\" data-id=\"77aeff7\" data-element_type=\"widget\" data-widget_type=\"text-editor.default\">\n\t\t\t\t<div class=\"elementor-widget-container\">\n\t\t\t\t\t\t\t<p>Originaire d&rsquo;Afrique du Nord, en particulier des r\u00e9gions montagneuses du Maroc, de l&rsquo;Alg\u00e9rie et de la Tunisie, o\u00f9 les peuples berb\u00e8res, les tissent depuis des si\u00e8cles.\u00a0<br \/>Chaque tribu avait ses propres motifs et techniques de tissage, ce qui fait de chaque tapis un objet unique avec une signification symbolique et culturelle profonde.\u00a0<\/p>\n<p>Les tapis berb\u00e8res sont traditionnellement fabriqu\u00e9s \u00e0 partir de laine de mouton, fil\u00e9e et teint\u00e9e de fa\u00e7on naturelle. Connus pour leur motifs g\u00e9om\u00e9triques et leurs couleurs naturelles, ils peuvent \u00e9galement se d\u00e9cliner dans des teintes plus vives.\u00a0<br \/>Devenus mondialement populaire pour leur style distinctif , leur fabrication reste aujourd&rsquo;hui un art ancestral et gage de qualit\u00e9.<\/p>\t\t\t\t\t\t<\/div>\n\t\t\t\t<\/div>\n\t\t\t\t\t<\/div>\n\t\t\t\t<\/div>\n\t\t<div class=\"elementor-element elementor-element-8bfcd04 e-flex e-con-boxed wpr-particle-no wpr-jarallax-no wpr-parallax-no wpr-sticky-section-no e-con\" data-id=\"8bfcd04\" data-element_type=\"container\" data-settings=\"{&quot;content_width&quot;:&quot;boxed&quot;}\">\n\t\t\t\t\t<div class=\"e-con-inner\">\n\t\t\t\t<div class=\"elementor-element elementor-element-e94055d elementor-widget elementor-widget-text-editor\" data-id=\"e94055d\" data-element_type=\"widget\" data-widget_type=\"text-editor.default\">\n\t\t\t\t<div class=\"elementor-widget-container\">\n\t\t\t\t\t\t\t<h2 style=\"text-align: left;\"><span style=\"color: #a56134;\"><b>Les diff\u00e9rents types de tapis Berb\u00e8res<\/b><\/span><\/h2>\t\t\t\t\t\t<\/div>\n\t\t\t\t<\/div>\n\t\t\t\t\t<\/div>\n\t\t\t\t<\/div>\n\t\t<div class=\"elementor-element elementor-element-9e1551f e-con-full e-flex wpr-particle-no wpr-jarallax-no wpr-parallax-no wpr-sticky-section-no e-con\" data-id=\"9e1551f\" data-element_type=\"container\" data-settings=\"{&quot;content_width&quot;:&quot;full&quot;}\">\n\t\t\t\t<div class=\"elementor-element elementor-element-6986f74 elementor-widget elementor-widget-text-editor\" data-id=\"6986f74\" data-element_type=\"widget\" data-widget_type=\"text-editor.default\">\n\t\t\t\t<div class=\"elementor-widget-container\">\n\t\t\t\t\t\t\t<p>On distingue plusieurs types de tapis Berb\u00e8res\u00a0<\/p>\n<p><span style=\"color: #ba9440;\"><strong><img loading=\"lazy\" decoding=\"async\" class=\"alignleft wp-image-1154\" src=\"https:\/\/fer-et-pierre.com\/blog\/wp-content\/uploads\/2024\/10\/2-removebg-preview-300x297.png\" alt=\"\" width=\"80\" height=\"79\" srcset=\"https:\/\/fer-et-pierre.com\/blog\/wp-content\/uploads\/2024\/10\/2-removebg-preview-300x297.png 300w, https:\/\/fer-et-pierre.com\/blog\/wp-content\/uploads\/2024\/10\/2-removebg-preview-150x150.png 150w, https:\/\/fer-et-pierre.com\/blog\/wp-content\/uploads\/2024\/10\/2-removebg-preview.png 468w\" sizes=\"auto, (max-width: 80px) 100vw, 80px\" \/><\/strong><\/span><\/p>\n<p>\u00a0<\/p>\n<p><span style=\"color: #ba9440;\"><strong>Tapis Beni Ouarain<\/strong><\/span> : originaire des montagnes de l&rsquo;Atlas au Maroc, ils sont connus pour leur motifs g\u00e9om\u00e9triques simple, souvent losanges noirs sur fond blanc ou cr\u00e8me. Ils sont traditionnellement \u00e9pais et moelleux. Ils s&rsquo;int\u00e8greront tr\u00e8s bien dans une d\u00e9coration moderne.<\/p>\n<p>\u00a0<\/p>\n<p><span style=\"color: #ba9440;\"><strong><img loading=\"lazy\" decoding=\"async\" class=\"wp-image-1155 alignleft\" src=\"https:\/\/fer-et-pierre.com\/blog\/wp-content\/uploads\/2024\/10\/3-removebg-preview-298x300.png\" alt=\"\" width=\"78\" height=\"79\" srcset=\"https:\/\/fer-et-pierre.com\/blog\/wp-content\/uploads\/2024\/10\/3-removebg-preview-298x300.png 298w, https:\/\/fer-et-pierre.com\/blog\/wp-content\/uploads\/2024\/10\/3-removebg-preview-150x150.png 150w, https:\/\/fer-et-pierre.com\/blog\/wp-content\/uploads\/2024\/10\/3-removebg-preview.png 464w\" sizes=\"auto, (max-width: 78px) 100vw, 78px\" \/><\/strong><\/span><\/p>\n<p><span style=\"color: #ba9440;\"><strong>Tapis M&rsquo;rirt<\/strong> <\/span>\u00a0:Le plus luxueux des tapis berb\u00e8res. Originaire de la r\u00e9gion de Kh\u00e9nifra dans le Moyen Atlas Marocain, ils sont appr\u00e9ci\u00e9s pour leur douceur et leur \u00e9paisseur. Confectionn\u00e9s avec de la laine de haute qualit\u00e9 et fil\u00e9e \u00e0 la main. Se parant de couleur naturelles telles que le blanc, le cr\u00e8me, le gris ou encore le brun, ils apporteront la touche coconning \u00e0 votre int\u00e9rieur.<\/p>\n<p>\u00a0<\/p>\n<p><strong><span style=\"color: #ba9440;\"><img loading=\"lazy\" decoding=\"async\" class=\"alignleft wp-image-1153\" src=\"https:\/\/fer-et-pierre.com\/blog\/wp-content\/uploads\/2024\/10\/4-removebg-preview-300x294.png\" alt=\"\" width=\"78\" height=\"76\" srcset=\"https:\/\/fer-et-pierre.com\/blog\/wp-content\/uploads\/2024\/10\/4-removebg-preview-300x294.png 300w, https:\/\/fer-et-pierre.com\/blog\/wp-content\/uploads\/2024\/10\/4-removebg-preview.png 446w\" sizes=\"auto, (max-width: 78px) 100vw, 78px\" \/><\/span><\/strong><\/p>\n<p><strong><span style=\"color: #ba9440;\">Tapis Khemisset :<\/span>\u00a0<\/strong>Originaire de la r\u00e9gion du m\u00eame nom. Ces tapis sont connus pour leur esth\u00e9tique audacieuse et color\u00e9e. \u00a0Souvent compos\u00e9s de motifs g\u00e9om\u00e9triques \u00a0vari\u00e9s, ils peuvent \u00e9galement arbor\u00e9s des motifs asym\u00e9trique pour un effet dynamique. Tiss\u00e9 de mani\u00e8re plus serr\u00e9e, leur conf\u00e9rant une texture durable et ferme, ils seront id\u00e9al pour habiller une chambre.<\/p>\n<p>\u00a0<\/p>\n<p><span style=\"color: #ba9440;\"><strong><img loading=\"lazy\" decoding=\"async\" class=\"alignleft wp-image-1152\" src=\"https:\/\/fer-et-pierre.com\/blog\/wp-content\/uploads\/2024\/10\/1-removebg-preview-2-297x300.png\" alt=\"\" width=\"75\" height=\"76\" srcset=\"https:\/\/fer-et-pierre.com\/blog\/wp-content\/uploads\/2024\/10\/1-removebg-preview-2-297x300.png 297w, https:\/\/fer-et-pierre.com\/blog\/wp-content\/uploads\/2024\/10\/1-removebg-preview-2-150x150.png 150w, https:\/\/fer-et-pierre.com\/blog\/wp-content\/uploads\/2024\/10\/1-removebg-preview-2.png 400w\" sizes=\"auto, (max-width: 75px) 100vw, 75px\" \/>\u00a0\u00a0<\/strong><\/span><\/p>\n<p><span style=\"color: #ba9440;\"><strong>\u00a0<\/strong><\/span><span style=\"font-family: var( --e-global-typography-text-font-family ), Sans-serif; font-size: var( --e-global-typography-text-font-size ); text-align: var(--text-align); color: #ba9440;\"><strong>Tapis Kilim<\/strong><\/span><span style=\"color: var( --e-global-color-text ); font-family: var( --e-global-typography-text-font-family ), Sans-serif; font-size: var( --e-global-typography-text-font-size ); text-align: var(--text-align);\"> : Tapis fins sans poils. Ils sont souples avec des broderies tiss\u00e9es de mani\u00e8re serr\u00e9es, on les reconnait \u00e0 leurs couleurs vives. Ils seront id\u00e9al pour un bureau ou une entr\u00e9e.<\/span><span style=\"color: #ba9440;\"><strong><br \/><\/strong><\/span><\/p>\t\t\t\t\t\t<\/div>\n\t\t\t\t<\/div>\n\t\t\t\t<\/div>\n\t\t<div class=\"elementor-element elementor-element-90330f7 e-flex e-con-boxed wpr-particle-no wpr-jarallax-no wpr-parallax-no wpr-sticky-section-no e-con\" data-id=\"90330f7\" data-element_type=\"container\" data-settings=\"{&quot;content_width&quot;:&quot;boxed&quot;}\">\n\t\t\t\t\t<div class=\"e-con-inner\">\n\t\t\t\t<div class=\"elementor-element elementor-element-df0bc6c elementor-widget elementor-widget-heading\" data-id=\"df0bc6c\" data-element_type=\"widget\" data-widget_type=\"heading.default\">\n\t\t\t\t<div class=\"elementor-widget-container\">\n\t\t\t<h2 class=\"elementor-heading-title elementor-size-default\"><b>Bien entretenir son tapis Berb\u00e8re<\/b><\/h2>\t\t<\/div>\n\t\t\t\t<\/div>\n\t\t\t\t\t<\/div>\n\t\t\t\t<\/div>\n\t\t<div class=\"elementor-element elementor-element-91f85a4 e-flex e-con-boxed wpr-particle-no wpr-jarallax-no wpr-parallax-no wpr-sticky-section-no e-con\" data-id=\"91f85a4\" data-element_type=\"container\" data-settings=\"{&quot;content_width&quot;:&quot;boxed&quot;}\">\n\t\t\t\t\t<div class=\"e-con-inner\">\n\t\t\t\t<div class=\"elementor-element elementor-element-a0c44bd elementor-widget elementor-widget-text-editor\" data-id=\"a0c44bd\" data-element_type=\"widget\" data-widget_type=\"text-editor.default\">\n\t\t\t\t<div class=\"elementor-widget-container\">\n\t\t\t\t\t\t\t<p>Les tapis Berb\u00e8res sont r\u00e9put\u00e9s pour leur robustesse. <br \/>Passez l&rsquo;aspirateur une fois par semaine afin de ne pas agresser la laine.<br \/>Si possible le retourner une fois par mois et aspirez le dessus.<br \/>En cas de t\u00e2che utilisez des produits naturels comme le savon de Marseille, le bicarbonate ou le vinaigre blanc pour les t\u00e2ches incrust\u00e9es.<\/p>\t\t\t\t\t\t<\/div>\n\t\t\t\t<\/div>\n\t\t\t\t\t<\/div>\n\t\t\t\t<\/div>\n\t\t<div class=\"elementor-element elementor-element-5276377 e-flex e-con-boxed wpr-particle-no wpr-jarallax-no wpr-parallax-no wpr-sticky-section-no e-con\" data-id=\"5276377\" data-element_type=\"container\" data-settings=\"{&quot;content_width&quot;:&quot;boxed&quot;}\">\n\t\t\t\t\t<div class=\"e-con-inner\">\n\t\t\t\t<div class=\"elementor-element elementor-element-7bd13db elementor-widget elementor-widget-text-editor\" data-id=\"7bd13db\" data-element_type=\"widget\" data-widget_type=\"text-editor.default\">\n\t\t\t\t<div class=\"elementor-widget-container\">\n\t\t\t\t\t\t\t<h2 class=\"elementor-heading-title elementor-size-default elementor-inline-editing pen\" style=\"font-family: Heebo, sans-serif; line-height: var( --e-global-typography-primary-line-height ); color: #a56134; font-size: var( --e-global-typography-primary-font-size ); outline-color: currentcolor; outline-style: none;\" data-elementor-setting-key=\"title\" data-pen-placeholder=\"\u00c9crivez ici...\"><b>S\u00e9duit par cette d\u00e9couverte, d\u00e9couvrez notre s\u00e9lection coup de coeur du moment<\/b><\/h2>\t\t\t\t\t\t<\/div>\n\t\t\t\t<\/div>\n\t\t\t\t\t<\/div>\n\t\t\t\t<\/div>\n\t\t<div class=\"elementor-element elementor-element-07d113a e-con-full e-flex wpr-particle-no wpr-jarallax-no wpr-parallax-no wpr-sticky-section-no e-con\" data-id=\"07d113a\" data-element_type=\"container\" data-settings=\"{&quot;content_width&quot;:&quot;full&quot;}\">\n\t\t\t\t<div class=\"elementor-element elementor-element-11bae2c elementor-widget elementor-widget-gallery\" data-id=\"11bae2c\" data-element_type=\"widget\" data-settings=\"{&quot;lazyload&quot;:&quot;yes&quot;,&quot;gallery_layout&quot;:&quot;grid&quot;,&quot;columns&quot;:4,&quot;columns_tablet&quot;:2,&quot;columns_mobile&quot;:1,&quot;gap&quot;:{&quot;unit&quot;:&quot;px&quot;,&quot;size&quot;:10,&quot;sizes&quot;:[]},&quot;gap_tablet&quot;:{&quot;unit&quot;:&quot;px&quot;,&quot;size&quot;:10,&quot;sizes&quot;:[]},&quot;gap_mobile&quot;:{&quot;unit&quot;:&quot;px&quot;,&quot;size&quot;:10,&quot;sizes&quot;:[]},&quot;link_to&quot;:&quot;file&quot;,&quot;aspect_ratio&quot;:&quot;3:2&quot;,&quot;overlay_background&quot;:&quot;yes&quot;,&quot;content_hover_animation&quot;:&quot;fade-in&quot;}\" data-widget_type=\"gallery.default\">\n\t\t\t\t<div class=\"elementor-widget-container\">\n\t\t\t<style>\/*! elementor-pro - v3.14.0 - 26-06-2023 *\/\n.elementor-gallery__container{min-height:1px}.elementor-gallery-item{position:relative;overflow:hidden;display:block;text-decoration:none;border:solid var(--image-border-width) var(--image-border-color);border-radius:var(--image-border-radius)}.elementor-gallery-item__content,.elementor-gallery-item__overlay{height:100%;width:100%;position:absolute;top:0;left:0}.elementor-gallery-item__overlay{mix-blend-mode:var(--overlay-mix-blend-mode);transition-duration:var(--overlay-transition-duration);transition-property:mix-blend-mode,transform,opacity,background-color}.elementor-gallery-item__image.e-gallery-image{transition-duration:var(--image-transition-duration);transition-property:filter,transform}.elementor-gallery-item__content{display:flex;flex-direction:column;justify-content:var(--content-justify-content,center);align-items:center;text-align:var(--content-text-align);padding:var(--content-padding)}.elementor-gallery-item__content>div{transition-duration:var(--content-transition-duration)}.elementor-gallery-item__content.elementor-gallery--sequenced-animation>div:nth-child(2){transition-delay:calc(var(--content-transition-delay) \/ 3)}.elementor-gallery-item__content.elementor-gallery--sequenced-animation>div:nth-child(3){transition-delay:calc(var(--content-transition-delay) \/ 3 * 2)}.elementor-gallery-item__content.elementor-gallery--sequenced-animation>div:nth-child(4){transition-delay:calc(var(--content-transition-delay) \/ 3 * 3)}.elementor-gallery-item__description{color:var(--description-text-color,#fff);width:100%}.elementor-gallery-item__title{color:var(--title-text-color,#fff);font-weight:700;width:100%}.elementor-gallery__titles-container{display:flex;flex-wrap:wrap;justify-content:var(--titles-container-justify-content,center);margin-bottom:20px}.elementor-gallery__titles-container:not(.e--pointer-framed) .elementor-item:after,.elementor-gallery__titles-container:not(.e--pointer-framed) .elementor-item:before{background-color:var(--galleries-pointer-bg-color-hover)}.elementor-gallery__titles-container:not(.e--pointer-framed) .elementor-item.elementor-item-active:after,.elementor-gallery__titles-container:not(.e--pointer-framed) .elementor-item.elementor-item-active:before{background-color:var(--galleries-pointer-bg-color-active)}.elementor-gallery__titles-container.e--pointer-framed .elementor-item:before{border-color:var(--galleries-pointer-bg-color-hover);border-width:var(--galleries-pointer-border-width)}.elementor-gallery__titles-container.e--pointer-framed .elementor-item:after{border-color:var(--galleries-pointer-bg-color-hover)}.elementor-gallery__titles-container.e--pointer-framed .elementor-item.elementor-item-active:after,.elementor-gallery__titles-container.e--pointer-framed .elementor-item.elementor-item-active:before{border-color:var(--galleries-pointer-bg-color-active)}.elementor-gallery__titles-container.e--pointer-framed.e--animation-draw .elementor-item:before{border-left-width:var(--galleries-pointer-border-width);border-bottom-width:var(--galleries-pointer-border-width);border-right-width:0;border-top-width:0}.elementor-gallery__titles-container.e--pointer-framed.e--animation-draw .elementor-item:after{border-left-width:0;border-bottom-width:0;border-right-width:var(--galleries-pointer-border-width);border-top-width:var(--galleries-pointer-border-width)}.elementor-gallery__titles-container.e--pointer-framed.e--animation-corners .elementor-item:before{border-left-width:var(--galleries-pointer-border-width);border-bottom-width:0;border-right-width:0;border-top-width:var(--galleries-pointer-border-width)}.elementor-gallery__titles-container.e--pointer-framed.e--animation-corners .elementor-item:after{border-left-width:0;border-bottom-width:var(--galleries-pointer-border-width);border-right-width:var(--galleries-pointer-border-width);border-top-width:0}.elementor-gallery__titles-container .e--pointer-double-line .elementor-item:after,.elementor-gallery__titles-container .e--pointer-double-line .elementor-item:before,.elementor-gallery__titles-container .e--pointer-overline .elementor-item:before,.elementor-gallery__titles-container .e--pointer-underline .elementor-item:after{height:var(--galleries-pointer-border-width)}.elementor-gallery-title{--space-between:10px;cursor:pointer;color:#6d7882;font-weight:500;position:relative;padding:7px 14px;transition:all .3s}.elementor-gallery-title--active{color:#495157}.elementor-gallery-title:not(:last-child){margin-right:var(--space-between)}.elementor-gallery-item__title+.elementor-gallery-item__description{margin-top:var(--description-margin-top)}.e-gallery-item.elementor-gallery-item{transition-property:all}.e-gallery-item.elementor-animated-content .elementor-animated-item--enter-from-bottom,.e-gallery-item.elementor-animated-content .elementor-animated-item--enter-from-left,.e-gallery-item.elementor-animated-content .elementor-animated-item--enter-from-right,.e-gallery-item.elementor-animated-content .elementor-animated-item--enter-from-top,.e-gallery-item:focus .elementor-gallery__item-overlay-bg,.e-gallery-item:focus .elementor-gallery__item-overlay-content,.e-gallery-item:focus .elementor-gallery__item-overlay-content__description,.e-gallery-item:focus .elementor-gallery__item-overlay-content__title,.e-gallery-item:hover .elementor-gallery__item-overlay-bg,.e-gallery-item:hover .elementor-gallery__item-overlay-content,.e-gallery-item:hover .elementor-gallery__item-overlay-content__description,.e-gallery-item:hover .elementor-gallery__item-overlay-content__title{opacity:1}a.elementor-item.elementor-gallery-title{color:var(--galleries-title-color-normal)}a.elementor-item.elementor-gallery-title.elementor-item-active,a.elementor-item.elementor-gallery-title.highlighted,a.elementor-item.elementor-gallery-title:focus,a.elementor-item.elementor-gallery-title:hover{color:var(--galleries-title-color-hover)}a.elementor-item.elementor-gallery-title.elementor-item-active{color:var(--gallery-title-color-active)}.e-con-inner>.elementor-widget-gallery,.e-con>.elementor-widget-gallery{width:var(--container-widget-width);--flex-grow:var(--container-widget-flex-grow)}<\/style>\t\t<div class=\"elementor-gallery__container\">\n\t\t\t\t\t\t\t<a class=\"e-gallery-item elementor-gallery-item elementor-animated-content\" href=\"https:\/\/fer-et-pierre.com\/blog\/wp-content\/uploads\/2024\/10\/WhatsApp-Image-2024-10-30-at-08.17.46.jpeg\" data-elementor-open-lightbox=\"yes\" data-elementor-lightbox-slideshow=\"11bae2c\" data-elementor-lightbox-title=\"Tapis Khemisset color\u00e9\" data-e-action-hash=\"#elementor-action%3Aaction%3Dlightbox%26settings%3DeyJpZCI6MTEzOCwidXJsIjoiaHR0cHM6XC9cL2Zlci1ldC1waWVycmUuY29tXC9ibG9nXC93cC1jb250ZW50XC91cGxvYWRzXC8yMDI0XC8xMFwvV2hhdHNBcHAtSW1hZ2UtMjAyNC0xMC0zMC1hdC0wOC4xNy40Ni5qcGVnIiwic2xpZGVzaG93IjoiMTFiYWUyYyJ9\">\n\t\t\t\t\t<div class=\"e-gallery-image elementor-gallery-item__image\" data-thumbnail=\"https:\/\/fer-et-pierre.com\/blog\/wp-content\/uploads\/2024\/10\/WhatsApp-Image-2024-10-30-at-08.17.46-300x300.jpeg\" data-width=\"300\" data-height=\"300\" aria-label=\"\" role=\"img\" ><\/div>\n\t\t\t\t\t\t\t\t\t\t\t<div class=\"elementor-gallery-item__overlay\"><\/div>\n\t\t\t\t\t\t\t\t\t\t\t\t\t\t<\/a>\n\t\t\t\t\t\t\t<a class=\"e-gallery-item elementor-gallery-item elementor-animated-content\" href=\"https:\/\/fer-et-pierre.com\/blog\/wp-content\/uploads\/2024\/10\/WhatsApp-Image-2024-10-31-at-07.56.44.jpeg\" data-elementor-open-lightbox=\"yes\" data-elementor-lightbox-slideshow=\"11bae2c\" data-elementor-lightbox-title=\"Tapis M&#039;rirt beige\" data-e-action-hash=\"#elementor-action%3Aaction%3Dlightbox%26settings%3DeyJpZCI6MTEzNSwidXJsIjoiaHR0cHM6XC9cL2Zlci1ldC1waWVycmUuY29tXC9ibG9nXC93cC1jb250ZW50XC91cGxvYWRzXC8yMDI0XC8xMFwvV2hhdHNBcHAtSW1hZ2UtMjAyNC0xMC0zMS1hdC0wNy41Ni40NC5qcGVnIiwic2xpZGVzaG93IjoiMTFiYWUyYyJ9\">\n\t\t\t\t\t<div class=\"e-gallery-image elementor-gallery-item__image\" data-thumbnail=\"https:\/\/fer-et-pierre.com\/blog\/wp-content\/uploads\/2024\/10\/WhatsApp-Image-2024-10-31-at-07.56.44-300x300.jpeg\" data-width=\"300\" data-height=\"300\" aria-label=\"\" role=\"img\" ><\/div>\n\t\t\t\t\t\t\t\t\t\t\t<div class=\"elementor-gallery-item__overlay\"><\/div>\n\t\t\t\t\t\t\t\t\t\t\t\t\t\t<\/a>\n\t\t\t\t\t\t\t<a class=\"e-gallery-item elementor-gallery-item elementor-animated-content\" href=\"https:\/\/fer-et-pierre.com\/blog\/wp-content\/uploads\/2024\/10\/WhatsApp-Image-2024-10-31-at-07.41.05-3.jpeg\" data-elementor-open-lightbox=\"yes\" data-elementor-lightbox-slideshow=\"11bae2c\" data-elementor-lightbox-title=\"Tapis Khemisset\" data-e-action-hash=\"#elementor-action%3Aaction%3Dlightbox%26settings%3DeyJpZCI6MTEzOSwidXJsIjoiaHR0cHM6XC9cL2Zlci1ldC1waWVycmUuY29tXC9ibG9nXC93cC1jb250ZW50XC91cGxvYWRzXC8yMDI0XC8xMFwvV2hhdHNBcHAtSW1hZ2UtMjAyNC0xMC0zMS1hdC0wNy40MS4wNS0zLmpwZWciLCJzbGlkZXNob3ciOiIxMWJhZTJjIn0%3D\">\n\t\t\t\t\t<div class=\"e-gallery-image elementor-gallery-item__image\" data-thumbnail=\"https:\/\/fer-et-pierre.com\/blog\/wp-content\/uploads\/2024\/10\/WhatsApp-Image-2024-10-31-at-07.41.05-3-300x300.jpeg\" data-width=\"300\" data-height=\"300\" aria-label=\"\" role=\"img\" ><\/div>\n\t\t\t\t\t\t\t\t\t\t\t<div class=\"elementor-gallery-item__overlay\"><\/div>\n\t\t\t\t\t\t\t\t\t\t\t\t\t\t<\/a>\n\t\t\t\t\t\t\t<a class=\"e-gallery-item elementor-gallery-item elementor-animated-content\" href=\"https:\/\/fer-et-pierre.com\/blog\/wp-content\/uploads\/2024\/10\/WhatsApp-Image-2024-10-30-at-09.41.11.jpeg\" data-elementor-open-lightbox=\"yes\" data-elementor-lightbox-slideshow=\"11bae2c\" data-elementor-lightbox-title=\"Tapis M&#039;rirt beige et marron\" data-e-action-hash=\"#elementor-action%3Aaction%3Dlightbox%26settings%3DeyJpZCI6MTEzNiwidXJsIjoiaHR0cHM6XC9cL2Zlci1ldC1waWVycmUuY29tXC9ibG9nXC93cC1jb250ZW50XC91cGxvYWRzXC8yMDI0XC8xMFwvV2hhdHNBcHAtSW1hZ2UtMjAyNC0xMC0zMC1hdC0wOS40MS4xMS5qcGVnIiwic2xpZGVzaG93IjoiMTFiYWUyYyJ9\">\n\t\t\t\t\t<div class=\"e-gallery-image elementor-gallery-item__image\" data-thumbnail=\"https:\/\/fer-et-pierre.com\/blog\/wp-content\/uploads\/2024\/10\/WhatsApp-Image-2024-10-30-at-09.41.11-300x300.jpeg\" data-width=\"300\" data-height=\"300\" aria-label=\"\" role=\"img\" ><\/div>\n\t\t\t\t\t\t\t\t\t\t\t<div class=\"elementor-gallery-item__overlay\"><\/div>\n\t\t\t\t\t\t\t\t\t\t\t\t\t\t<\/a>\n\t\t\t\t\t\t\t<a class=\"e-gallery-item elementor-gallery-item elementor-animated-content\" href=\"https:\/\/fer-et-pierre.com\/blog\/wp-content\/uploads\/2024\/10\/WhatsApp-Image-2024-10-31-at-07.34.53-3.jpeg\" data-elementor-open-lightbox=\"yes\" data-elementor-lightbox-slideshow=\"11bae2c\" data-elementor-lightbox-title=\"Tapis M&#039;rirt marron\" data-e-action-hash=\"#elementor-action%3Aaction%3Dlightbox%26settings%3DeyJpZCI6MTEzNywidXJsIjoiaHR0cHM6XC9cL2Zlci1ldC1waWVycmUuY29tXC9ibG9nXC93cC1jb250ZW50XC91cGxvYWRzXC8yMDI0XC8xMFwvV2hhdHNBcHAtSW1hZ2UtMjAyNC0xMC0zMS1hdC0wNy4zNC41My0zLmpwZWciLCJzbGlkZXNob3ciOiIxMWJhZTJjIn0%3D\">\n\t\t\t\t\t<div class=\"e-gallery-image elementor-gallery-item__image\" data-thumbnail=\"https:\/\/fer-et-pierre.com\/blog\/wp-content\/uploads\/2024\/10\/WhatsApp-Image-2024-10-31-at-07.34.53-3-300x300.jpeg\" data-width=\"300\" data-height=\"300\" aria-label=\"\" role=\"img\" ><\/div>\n\t\t\t\t\t\t\t\t\t\t\t<div class=\"elementor-gallery-item__overlay\"><\/div>\n\t\t\t\t\t\t\t\t\t\t\t\t\t\t<\/a>\n\t\t\t\t\t\t\t<a class=\"e-gallery-item elementor-gallery-item elementor-animated-content\" href=\"https:\/\/fer-et-pierre.com\/blog\/wp-content\/uploads\/2024\/10\/tapis-beni-ouarain-blanc-flocon-rose.jpg\" data-elementor-open-lightbox=\"yes\" data-elementor-lightbox-slideshow=\"11bae2c\" data-elementor-lightbox-title=\"tapis-beni-ouarain-blanc-flocon-rose\" data-e-action-hash=\"#elementor-action%3Aaction%3Dlightbox%26settings%3DeyJpZCI6MTE3NCwidXJsIjoiaHR0cHM6XC9cL2Zlci1ldC1waWVycmUuY29tXC9ibG9nXC93cC1jb250ZW50XC91cGxvYWRzXC8yMDI0XC8xMFwvdGFwaXMtYmVuaS1vdWFyYWluLWJsYW5jLWZsb2Nvbi1yb3NlLmpwZyIsInNsaWRlc2hvdyI6IjExYmFlMmMifQ%3D%3D\">\n\t\t\t\t\t<div class=\"e-gallery-image elementor-gallery-item__image\" data-thumbnail=\"https:\/\/fer-et-pierre.com\/blog\/wp-content\/uploads\/2024\/10\/tapis-beni-ouarain-blanc-flocon-rose-300x300.jpg\" data-width=\"300\" data-height=\"300\" aria-label=\"\" role=\"img\" ><\/div>\n\t\t\t\t\t\t\t\t\t\t\t<div class=\"elementor-gallery-item__overlay\"><\/div>\n\t\t\t\t\t\t\t\t\t\t\t\t\t\t<\/a>\n\t\t\t\t\t\t\t<a class=\"e-gallery-item elementor-gallery-item elementor-animated-content\" href=\"https:\/\/fer-et-pierre.com\/blog\/wp-content\/uploads\/2024\/10\/WhatsApp-Image-2024-10-31-at-16.42.51.jpeg\" data-elementor-open-lightbox=\"yes\" data-elementor-lightbox-slideshow=\"11bae2c\" data-elementor-lightbox-title=\"Beni Ouarain\" data-e-action-hash=\"#elementor-action%3Aaction%3Dlightbox%26settings%3DeyJpZCI6MTE3NywidXJsIjoiaHR0cHM6XC9cL2Zlci1ldC1waWVycmUuY29tXC9ibG9nXC93cC1jb250ZW50XC91cGxvYWRzXC8yMDI0XC8xMFwvV2hhdHNBcHAtSW1hZ2UtMjAyNC0xMC0zMS1hdC0xNi40Mi41MS5qcGVnIiwic2xpZGVzaG93IjoiMTFiYWUyYyJ9\">\n\t\t\t\t\t<div class=\"e-gallery-image elementor-gallery-item__image\" data-thumbnail=\"https:\/\/fer-et-pierre.com\/blog\/wp-content\/uploads\/2024\/10\/WhatsApp-Image-2024-10-31-at-16.42.51-300x300.jpeg\" data-width=\"300\" data-height=\"300\" aria-label=\"\" role=\"img\" ><\/div>\n\t\t\t\t\t\t\t\t\t\t\t<div class=\"elementor-gallery-item__overlay\"><\/div>\n\t\t\t\t\t\t\t\t\t\t\t\t\t\t<\/a>\n\t\t\t\t\t\t\t<a class=\"e-gallery-item elementor-gallery-item elementor-animated-content\" href=\"https:\/\/fer-et-pierre.com\/blog\/wp-content\/uploads\/2024\/10\/tapis-beni-ouarain-marron-2.jpg\" data-elementor-open-lightbox=\"yes\" data-elementor-lightbox-slideshow=\"11bae2c\" data-elementor-lightbox-title=\"tapis-beni-ouarain-marron-2\" data-e-action-hash=\"#elementor-action%3Aaction%3Dlightbox%26settings%3DeyJpZCI6MTE3NSwidXJsIjoiaHR0cHM6XC9cL2Zlci1ldC1waWVycmUuY29tXC9ibG9nXC93cC1jb250ZW50XC91cGxvYWRzXC8yMDI0XC8xMFwvdGFwaXMtYmVuaS1vdWFyYWluLW1hcnJvbi0yLmpwZyIsInNsaWRlc2hvdyI6IjExYmFlMmMifQ%3D%3D\">\n\t\t\t\t\t<div class=\"e-gallery-image elementor-gallery-item__image\" data-thumbnail=\"https:\/\/fer-et-pierre.com\/blog\/wp-content\/uploads\/2024\/10\/tapis-beni-ouarain-marron-2-300x300.jpg\" data-width=\"300\" data-height=\"300\" aria-label=\"\" role=\"img\" ><\/div>\n\t\t\t\t\t\t\t\t\t\t\t<div class=\"elementor-gallery-item__overlay\"><\/div>\n\t\t\t\t\t\t\t\t\t\t\t\t\t\t<\/a>\n\t\t\t\t\t<\/div>\n\t\t\t<\/div>\n\t\t\t\t<\/div>\n\t\t\t\t<div class=\"elementor-element elementor-element-f85c138 elementor-widget elementor-widget-heading\" data-id=\"f85c138\" data-element_type=\"widget\" data-widget_type=\"heading.default\">\n\t\t\t\t<div class=\"elementor-widget-container\">\n\t\t\t<h2 class=\"elementor-heading-title elementor-size-default\"><b>La  Signature Fer &amp; Pierre <\/b><\/h2>\t\t<\/div>\n\t\t\t\t<\/div>\n\t\t\t\t<div class=\"elementor-element elementor-element-171b3d2 elementor-widget elementor-widget-text-editor\" data-id=\"171b3d2\" data-element_type=\"widget\" data-widget_type=\"text-editor.default\">\n\t\t\t\t<div class=\"elementor-widget-container\">\n\t\t\t\t\t\t\t<p>En choisissant vos tapis chez Fer&amp;Pierre, vous \u00eates assur\u00e9 de trouver des tapis de tr\u00e8s grande qualit\u00e9 \u00e0 des prix offrant un excellent rapport qualit\u00e9-prix. Des tapis artisanaux alliant \u00e9l\u00e9gance, durabilit\u00e9 et confort \u00e0 des prix avantageux.\u00a0<\/p>\n<p>Besoin de plus pour vous laisser s\u00e9duire, n&rsquo;h\u00e9sitez pas \u00e0 <a href=\"https:\/\/fer-et-pierre.com\/infos\/4-qui-sommes-nous\">venir d\u00e9couvrir notre boutique.<\/a> Plonger dans une exp\u00e9rience unique o\u00f9 vous pourrez toucher, voir et comparer nos produits. Nous serons ravis de vous accueillir et de vous conseiller.\u00a0<\/p>\t\t\t\t\t\t<\/div>\n\t\t\t\t<\/div>\n\t\t\t\t<div class=\"elementor-element elementor-element-a49ae2d elementor-cta--skin-cover elementor-animated-content elementor-bg-transform elementor-bg-transform-zoom-in elementor-widget elementor-widget-call-to-action\" data-id=\"a49ae2d\" data-element_type=\"widget\" data-widget_type=\"call-to-action.default\">\n\t\t\t\t<div class=\"elementor-widget-container\">\n\t\t\t<link rel=\"stylesheet\" href=\"https:\/\/fer-et-pierre.com\/blog\/wp-content\/plugins\/elementor-pro\/assets\/css\/widget-call-to-action.min.css\">\t\t<div class=\"elementor-cta\">\n\t\t\t\t\t<div class=\"elementor-cta__bg-wrapper\">\n\t\t\t\t<div class=\"elementor-cta__bg elementor-bg\" style=\"background-image: url(https:\/\/fer-et-pierre.com\/blog\/wp-content\/uploads\/2024\/10\/WhatsApp-Image-2024-10-31-at-16.52.31-2-1024x534.jpeg);\" role=\"img\" aria-label=\"WhatsApp Image 2024-10-31 at 16.52.31-2\"><\/div>\n\t\t\t\t<div class=\"elementor-cta__bg-overlay\"><\/div>\n\t\t\t<\/div>\n\t\t\t\t\t\t\t<div class=\"elementor-cta__content\">\n\t\t\t\t\n\t\t\t\t<h2 class=\"elementor-cta__title elementor-cta__content-item elementor-content-item elementor-animated-item--grow\"><b>En attendant de vous recevoir retrouvez toute notre gamme ici <\/b><\/h2>\n\t\t\t\t\t\t\t\t\t<div class=\"elementor-cta__description elementor-cta__content-item elementor-content-item elementor-animated-item--grow\">\n\t\t\t\t\t\tEt faites comme notre mascotte laissez vous tenter...\t\t\t\t\t<\/div>\n\t\t\t\t\n\t\t\t\t\t\t\t\t\t<div class=\"elementor-cta__button-wrapper elementor-cta__content-item elementor-content-item elementor-animated-item--grow\">\n\t\t\t\t\t<a class=\"elementor-cta__button elementor-button elementor-size-sm\" href=\"https:\/\/fer-et-pierre.com\/142-tapis-berbere-marocain-artisanal\">\n\t\t\t\t\t\tCliquer ici\t\t\t\t\t<\/a>\n\t\t\t\t\t<\/div>\n\t\t\t\t\t\t\t<\/div>\n\t\t\t\t\t\t<\/div>\n\t\t\t\t<\/div>\n\t\t\t\t<\/div>\n\t\t\t\t<\/div>\n\t\t<div class=\"elementor-element elementor-element-ab7f33d e-flex e-con-boxed wpr-particle-no wpr-jarallax-no wpr-parallax-no wpr-sticky-section-no e-con\" data-id=\"ab7f33d\" data-element_type=\"container\" data-settings=\"{&quot;content_width&quot;:&quot;boxed&quot;}\">\n\t\t\t\t\t<div class=\"e-con-inner\">\n\t\t\t\t\t<\/div>\n\t\t\t\t<\/div>\n\t\t\t\t\t\t\t<\/div>\n\t\t","protected":false},"excerpt":{"rendered":"<p>L&rsquo;art de sublimez votre int\u00e9rieur Vous r\u00eavez d&rsquo;un tapis de qualit\u00e9 pour r\u00e9chauffer votre int\u00e9rieur, partez avec nous \u00e0 la d\u00e9couverte des tapis Berb\u00e8res. Les origines du Tapis Berb\u00e8res Originaire d&rsquo;Afrique du Nord, en particulier des r\u00e9gions montagneuses du Maroc, de l&rsquo;Alg\u00e9rie et de la Tunisie, o\u00f9 les peuples berb\u00e8res, les tissent depuis des si\u00e8cles.&nbsp;Chaque [&hellip;]<\/p>\n","protected":false},"author":2,"featured_media":1200,"comment_status":"closed","ping_status":"open","sticky":true,"template":"","format":"standard","meta":{"footnotes":""},"categories":[14,8],"tags":[],"class_list":["post-1105","post","type-post","status-publish","format-standard","has-post-thumbnail","hentry","category-actualites","category-conseils-astuces"],"yoast_head":"<!-- This site is optimized with the Yoast SEO plugin v27.3 - https:\/\/yoast.com\/product\/yoast-seo-wordpress\/ -->\n<title>Voyage au coeur des Tapis Berb\u00e8res - Fer &amp; Pierre - Le Blog<\/title>\n<meta name=\"description\" content=\"Vous souhaitez sublimer votre int\u00e9rieur avec un tapis artisanal de qualit\u00e9. Suivez notre guide et d\u00e9couvrez notre s\u00e9lection de tapis Berb\u00e8res\" \/>\n<meta name=\"robots\" content=\"index, follow, max-snippet:-1, max-image-preview:large, max-video-preview:-1\" \/>\n<link rel=\"canonical\" href=\"https:\/\/fer-et-pierre.com\/blog\/voyage-au-coeur-des-tapis-berberes\/\" \/>\n<meta property=\"og:locale\" content=\"fr_FR\" \/>\n<meta property=\"og:type\" content=\"article\" \/>\n<meta property=\"og:title\" content=\"Voyage au coeur des Tapis Berb\u00e8res - Fer &amp; Pierre - Le Blog\" \/>\n<meta property=\"og:description\" content=\"Vous souhaitez sublimer votre int\u00e9rieur avec un tapis artisanal de qualit\u00e9. Suivez notre guide et d\u00e9couvrez notre s\u00e9lection de tapis Berb\u00e8res\" \/>\n<meta property=\"og:url\" content=\"https:\/\/fer-et-pierre.com\/blog\/voyage-au-coeur-des-tapis-berberes\/\" \/>\n<meta property=\"og:site_name\" content=\"Fer &amp; Pierre - Le Blog\" \/>\n<meta property=\"article:publisher\" content=\"https:\/\/www.facebook.com\/carreauxferetpierre\/\" \/>\n<meta property=\"article:published_time\" content=\"2024-10-31T09:47:58+00:00\" \/>\n<meta property=\"article:modified_time\" content=\"2025-01-28T08:49:18+00:00\" \/>\n<meta property=\"og:image\" content=\"https:\/\/fer-et-pierre.com\/blog\/wp-content\/uploads\/2024\/10\/WhatsApp-Image-2023-10-31-at-10.04.26.jpeg\" \/>\n\t<meta property=\"og:image:width\" content=\"1024\" \/>\n\t<meta property=\"og:image:height\" content=\"1024\" \/>\n\t<meta property=\"og:image:type\" content=\"image\/jpeg\" \/>\n<meta name=\"author\" content=\"Larbi MOATAZ\" \/>\n<meta name=\"twitter:card\" content=\"summary_large_image\" \/>\n<meta name=\"twitter:label1\" content=\"\u00c9crit par\" \/>\n\t<meta name=\"twitter:data1\" content=\"Larbi MOATAZ\" \/>\n\t<meta name=\"twitter:label2\" content=\"Dur\u00e9e de lecture estim\u00e9e\" \/>\n\t<meta name=\"twitter:data2\" content=\"4 minutes\" \/>\n<script type=\"application\/ld+json\" class=\"yoast-schema-graph\">{\"@context\":\"https:\\\/\\\/schema.org\",\"@graph\":[{\"@type\":\"Article\",\"@id\":\"https:\\\/\\\/fer-et-pierre.com\\\/blog\\\/voyage-au-coeur-des-tapis-berberes\\\/#article\",\"isPartOf\":{\"@id\":\"https:\\\/\\\/fer-et-pierre.com\\\/blog\\\/voyage-au-coeur-des-tapis-berberes\\\/\"},\"author\":{\"name\":\"Larbi MOATAZ\",\"@id\":\"https:\\\/\\\/fer-et-pierre.com\\\/blog\\\/#\\\/schema\\\/person\\\/0631d6c329b6aad906ca3261e1d6a87a\"},\"headline\":\"Voyage au coeur des Tapis Berb\u00e8res\",\"datePublished\":\"2024-10-31T09:47:58+00:00\",\"dateModified\":\"2025-01-28T08:49:18+00:00\",\"mainEntityOfPage\":{\"@id\":\"https:\\\/\\\/fer-et-pierre.com\\\/blog\\\/voyage-au-coeur-des-tapis-berberes\\\/\"},\"wordCount\":603,\"publisher\":{\"@id\":\"https:\\\/\\\/fer-et-pierre.com\\\/blog\\\/#organization\"},\"image\":{\"@id\":\"https:\\\/\\\/fer-et-pierre.com\\\/blog\\\/voyage-au-coeur-des-tapis-berberes\\\/#primaryimage\"},\"thumbnailUrl\":\"https:\\\/\\\/fer-et-pierre.com\\\/blog\\\/wp-content\\\/uploads\\\/2024\\\/10\\\/WhatsApp-Image-2023-10-31-at-10.04.26.jpeg\",\"articleSection\":[\"Actualit\u00e9s\",\"Conseils et astuces\"],\"inLanguage\":\"fr-FR\"},{\"@type\":\"WebPage\",\"@id\":\"https:\\\/\\\/fer-et-pierre.com\\\/blog\\\/voyage-au-coeur-des-tapis-berberes\\\/\",\"url\":\"https:\\\/\\\/fer-et-pierre.com\\\/blog\\\/voyage-au-coeur-des-tapis-berberes\\\/\",\"name\":\"Voyage au coeur des Tapis Berb\u00e8res - Fer &amp; Pierre - Le Blog\",\"isPartOf\":{\"@id\":\"https:\\\/\\\/fer-et-pierre.com\\\/blog\\\/#website\"},\"primaryImageOfPage\":{\"@id\":\"https:\\\/\\\/fer-et-pierre.com\\\/blog\\\/voyage-au-coeur-des-tapis-berberes\\\/#primaryimage\"},\"image\":{\"@id\":\"https:\\\/\\\/fer-et-pierre.com\\\/blog\\\/voyage-au-coeur-des-tapis-berberes\\\/#primaryimage\"},\"thumbnailUrl\":\"https:\\\/\\\/fer-et-pierre.com\\\/blog\\\/wp-content\\\/uploads\\\/2024\\\/10\\\/WhatsApp-Image-2023-10-31-at-10.04.26.jpeg\",\"datePublished\":\"2024-10-31T09:47:58+00:00\",\"dateModified\":\"2025-01-28T08:49:18+00:00\",\"description\":\"Vous souhaitez sublimer votre int\u00e9rieur avec un tapis artisanal de qualit\u00e9. Suivez notre guide et d\u00e9couvrez notre s\u00e9lection de tapis Berb\u00e8res\",\"breadcrumb\":{\"@id\":\"https:\\\/\\\/fer-et-pierre.com\\\/blog\\\/voyage-au-coeur-des-tapis-berberes\\\/#breadcrumb\"},\"inLanguage\":\"fr-FR\",\"potentialAction\":[{\"@type\":\"ReadAction\",\"target\":[\"https:\\\/\\\/fer-et-pierre.com\\\/blog\\\/voyage-au-coeur-des-tapis-berberes\\\/\"]}]},{\"@type\":\"ImageObject\",\"inLanguage\":\"fr-FR\",\"@id\":\"https:\\\/\\\/fer-et-pierre.com\\\/blog\\\/voyage-au-coeur-des-tapis-berberes\\\/#primaryimage\",\"url\":\"https:\\\/\\\/fer-et-pierre.com\\\/blog\\\/wp-content\\\/uploads\\\/2024\\\/10\\\/WhatsApp-Image-2023-10-31-at-10.04.26.jpeg\",\"contentUrl\":\"https:\\\/\\\/fer-et-pierre.com\\\/blog\\\/wp-content\\\/uploads\\\/2024\\\/10\\\/WhatsApp-Image-2023-10-31-at-10.04.26.jpeg\",\"width\":1024,\"height\":1024},{\"@type\":\"BreadcrumbList\",\"@id\":\"https:\\\/\\\/fer-et-pierre.com\\\/blog\\\/voyage-au-coeur-des-tapis-berberes\\\/#breadcrumb\",\"itemListElement\":[{\"@type\":\"ListItem\",\"position\":1,\"name\":\"Blog Fer &amp; Pierre\",\"item\":\"https:\\\/\\\/fer-et-pierre.com\\\/blog\\\/\"},{\"@type\":\"ListItem\",\"position\":2,\"name\":\"Actualit\u00e9s\",\"item\":\"https:\\\/\\\/fer-et-pierre.com\\\/blog\\\/actualites\\\/\"},{\"@type\":\"ListItem\",\"position\":3,\"name\":\"Voyage au coeur des Tapis Berb\u00e8res\"}]},{\"@type\":\"WebSite\",\"@id\":\"https:\\\/\\\/fer-et-pierre.com\\\/blog\\\/#website\",\"url\":\"https:\\\/\\\/fer-et-pierre.com\\\/blog\\\/\",\"name\":\"Fer & Pierre - Le Blog\",\"description\":\"D\u00e9couvrez tous nos conseils et toutes nos actualit\u00e9s\",\"publisher\":{\"@id\":\"https:\\\/\\\/fer-et-pierre.com\\\/blog\\\/#organization\"},\"potentialAction\":[{\"@type\":\"SearchAction\",\"target\":{\"@type\":\"EntryPoint\",\"urlTemplate\":\"https:\\\/\\\/fer-et-pierre.com\\\/blog\\\/?s={search_term_string}\"},\"query-input\":{\"@type\":\"PropertyValueSpecification\",\"valueRequired\":true,\"valueName\":\"search_term_string\"}}],\"inLanguage\":\"fr-FR\"},{\"@type\":\"Organization\",\"@id\":\"https:\\\/\\\/fer-et-pierre.com\\\/blog\\\/#organization\",\"name\":\"Fer & Pierre\",\"url\":\"https:\\\/\\\/fer-et-pierre.com\\\/blog\\\/\",\"logo\":{\"@type\":\"ImageObject\",\"inLanguage\":\"fr-FR\",\"@id\":\"https:\\\/\\\/fer-et-pierre.com\\\/blog\\\/#\\\/schema\\\/logo\\\/image\\\/\",\"url\":\"https:\\\/\\\/fer-et-pierre.com\\\/blog\\\/wp-content\\\/uploads\\\/2023\\\/05\\\/cropped-logo-fer-et-pierre-1.png\",\"contentUrl\":\"https:\\\/\\\/fer-et-pierre.com\\\/blog\\\/wp-content\\\/uploads\\\/2023\\\/05\\\/cropped-logo-fer-et-pierre-1.png\",\"width\":359,\"height\":140,\"caption\":\"Fer & Pierre\"},\"image\":{\"@id\":\"https:\\\/\\\/fer-et-pierre.com\\\/blog\\\/#\\\/schema\\\/logo\\\/image\\\/\"},\"sameAs\":[\"https:\\\/\\\/www.facebook.com\\\/carreauxferetpierre\\\/\",\"https:\\\/\\\/www.instagram.com\\\/feretpierre31\\\/\",\"https:\\\/\\\/www.pinterest.fr\\\/feretpierre31\\\/\"]},{\"@type\":\"Person\",\"@id\":\"https:\\\/\\\/fer-et-pierre.com\\\/blog\\\/#\\\/schema\\\/person\\\/0631d6c329b6aad906ca3261e1d6a87a\",\"name\":\"Larbi MOATAZ\",\"image\":{\"@type\":\"ImageObject\",\"inLanguage\":\"fr-FR\",\"@id\":\"https:\\\/\\\/secure.gravatar.com\\\/avatar\\\/95a1eb40c13a4a263835cf29a4193a6090d548c706544dd6a65357054861cfc4?s=96&d=mm&r=g\",\"url\":\"https:\\\/\\\/secure.gravatar.com\\\/avatar\\\/95a1eb40c13a4a263835cf29a4193a6090d548c706544dd6a65357054861cfc4?s=96&d=mm&r=g\",\"contentUrl\":\"https:\\\/\\\/secure.gravatar.com\\\/avatar\\\/95a1eb40c13a4a263835cf29a4193a6090d548c706544dd6a65357054861cfc4?s=96&d=mm&r=g\",\"caption\":\"Larbi MOATAZ\"},\"url\":\"https:\\\/\\\/fer-et-pierre.com\\\/blog\\\/author\\\/clementferetpierre\\\/\"}]}<\/script>\n<!-- \/ Yoast SEO plugin. -->","yoast_head_json":{"title":"Voyage au coeur des Tapis Berb\u00e8res - Fer &amp; Pierre - Le Blog","description":"Vous souhaitez sublimer votre int\u00e9rieur avec un tapis artisanal de qualit\u00e9. Suivez notre guide et d\u00e9couvrez notre s\u00e9lection de tapis Berb\u00e8res","robots":{"index":"index","follow":"follow","max-snippet":"max-snippet:-1","max-image-preview":"max-image-preview:large","max-video-preview":"max-video-preview:-1"},"canonical":"https:\/\/fer-et-pierre.com\/blog\/voyage-au-coeur-des-tapis-berberes\/","og_locale":"fr_FR","og_type":"article","og_title":"Voyage au coeur des Tapis Berb\u00e8res - Fer &amp; Pierre - Le Blog","og_description":"Vous souhaitez sublimer votre int\u00e9rieur avec un tapis artisanal de qualit\u00e9. Suivez notre guide et d\u00e9couvrez notre s\u00e9lection de tapis Berb\u00e8res","og_url":"https:\/\/fer-et-pierre.com\/blog\/voyage-au-coeur-des-tapis-berberes\/","og_site_name":"Fer &amp; Pierre - Le Blog","article_publisher":"https:\/\/www.facebook.com\/carreauxferetpierre\/","article_published_time":"2024-10-31T09:47:58+00:00","article_modified_time":"2025-01-28T08:49:18+00:00","og_image":[{"width":1024,"height":1024,"url":"https:\/\/fer-et-pierre.com\/blog\/wp-content\/uploads\/2024\/10\/WhatsApp-Image-2023-10-31-at-10.04.26.jpeg","type":"image\/jpeg"}],"author":"Larbi MOATAZ","twitter_card":"summary_large_image","twitter_misc":{"\u00c9crit par":"Larbi MOATAZ","Dur\u00e9e de lecture estim\u00e9e":"4 minutes"},"schema":{"@context":"https:\/\/schema.org","@graph":[{"@type":"Article","@id":"https:\/\/fer-et-pierre.com\/blog\/voyage-au-coeur-des-tapis-berberes\/#article","isPartOf":{"@id":"https:\/\/fer-et-pierre.com\/blog\/voyage-au-coeur-des-tapis-berberes\/"},"author":{"name":"Larbi MOATAZ","@id":"https:\/\/fer-et-pierre.com\/blog\/#\/schema\/person\/0631d6c329b6aad906ca3261e1d6a87a"},"headline":"Voyage au coeur des Tapis Berb\u00e8res","datePublished":"2024-10-31T09:47:58+00:00","dateModified":"2025-01-28T08:49:18+00:00","mainEntityOfPage":{"@id":"https:\/\/fer-et-pierre.com\/blog\/voyage-au-coeur-des-tapis-berberes\/"},"wordCount":603,"publisher":{"@id":"https:\/\/fer-et-pierre.com\/blog\/#organization"},"image":{"@id":"https:\/\/fer-et-pierre.com\/blog\/voyage-au-coeur-des-tapis-berberes\/#primaryimage"},"thumbnailUrl":"https:\/\/fer-et-pierre.com\/blog\/wp-content\/uploads\/2024\/10\/WhatsApp-Image-2023-10-31-at-10.04.26.jpeg","articleSection":["Actualit\u00e9s","Conseils et astuces"],"inLanguage":"fr-FR"},{"@type":"WebPage","@id":"https:\/\/fer-et-pierre.com\/blog\/voyage-au-coeur-des-tapis-berberes\/","url":"https:\/\/fer-et-pierre.com\/blog\/voyage-au-coeur-des-tapis-berberes\/","name":"Voyage au coeur des Tapis Berb\u00e8res - Fer &amp; Pierre - Le Blog","isPartOf":{"@id":"https:\/\/fer-et-pierre.com\/blog\/#website"},"primaryImageOfPage":{"@id":"https:\/\/fer-et-pierre.com\/blog\/voyage-au-coeur-des-tapis-berberes\/#primaryimage"},"image":{"@id":"https:\/\/fer-et-pierre.com\/blog\/voyage-au-coeur-des-tapis-berberes\/#primaryimage"},"thumbnailUrl":"https:\/\/fer-et-pierre.com\/blog\/wp-content\/uploads\/2024\/10\/WhatsApp-Image-2023-10-31-at-10.04.26.jpeg","datePublished":"2024-10-31T09:47:58+00:00","dateModified":"2025-01-28T08:49:18+00:00","description":"Vous souhaitez sublimer votre int\u00e9rieur avec un tapis artisanal de qualit\u00e9. Suivez notre guide et d\u00e9couvrez notre s\u00e9lection de tapis Berb\u00e8res","breadcrumb":{"@id":"https:\/\/fer-et-pierre.com\/blog\/voyage-au-coeur-des-tapis-berberes\/#breadcrumb"},"inLanguage":"fr-FR","potentialAction":[{"@type":"ReadAction","target":["https:\/\/fer-et-pierre.com\/blog\/voyage-au-coeur-des-tapis-berberes\/"]}]},{"@type":"ImageObject","inLanguage":"fr-FR","@id":"https:\/\/fer-et-pierre.com\/blog\/voyage-au-coeur-des-tapis-berberes\/#primaryimage","url":"https:\/\/fer-et-pierre.com\/blog\/wp-content\/uploads\/2024\/10\/WhatsApp-Image-2023-10-31-at-10.04.26.jpeg","contentUrl":"https:\/\/fer-et-pierre.com\/blog\/wp-content\/uploads\/2024\/10\/WhatsApp-Image-2023-10-31-at-10.04.26.jpeg","width":1024,"height":1024},{"@type":"BreadcrumbList","@id":"https:\/\/fer-et-pierre.com\/blog\/voyage-au-coeur-des-tapis-berberes\/#breadcrumb","itemListElement":[{"@type":"ListItem","position":1,"name":"Blog Fer &amp; Pierre","item":"https:\/\/fer-et-pierre.com\/blog\/"},{"@type":"ListItem","position":2,"name":"Actualit\u00e9s","item":"https:\/\/fer-et-pierre.com\/blog\/actualites\/"},{"@type":"ListItem","position":3,"name":"Voyage au coeur des Tapis Berb\u00e8res"}]},{"@type":"WebSite","@id":"https:\/\/fer-et-pierre.com\/blog\/#website","url":"https:\/\/fer-et-pierre.com\/blog\/","name":"Fer & Pierre - Le Blog","description":"D\u00e9couvrez tous nos conseils et toutes nos actualit\u00e9s","publisher":{"@id":"https:\/\/fer-et-pierre.com\/blog\/#organization"},"potentialAction":[{"@type":"SearchAction","target":{"@type":"EntryPoint","urlTemplate":"https:\/\/fer-et-pierre.com\/blog\/?s={search_term_string}"},"query-input":{"@type":"PropertyValueSpecification","valueRequired":true,"valueName":"search_term_string"}}],"inLanguage":"fr-FR"},{"@type":"Organization","@id":"https:\/\/fer-et-pierre.com\/blog\/#organization","name":"Fer & Pierre","url":"https:\/\/fer-et-pierre.com\/blog\/","logo":{"@type":"ImageObject","inLanguage":"fr-FR","@id":"https:\/\/fer-et-pierre.com\/blog\/#\/schema\/logo\/image\/","url":"https:\/\/fer-et-pierre.com\/blog\/wp-content\/uploads\/2023\/05\/cropped-logo-fer-et-pierre-1.png","contentUrl":"https:\/\/fer-et-pierre.com\/blog\/wp-content\/uploads\/2023\/05\/cropped-logo-fer-et-pierre-1.png","width":359,"height":140,"caption":"Fer & Pierre"},"image":{"@id":"https:\/\/fer-et-pierre.com\/blog\/#\/schema\/logo\/image\/"},"sameAs":["https:\/\/www.facebook.com\/carreauxferetpierre\/","https:\/\/www.instagram.com\/feretpierre31\/","https:\/\/www.pinterest.fr\/feretpierre31\/"]},{"@type":"Person","@id":"https:\/\/fer-et-pierre.com\/blog\/#\/schema\/person\/0631d6c329b6aad906ca3261e1d6a87a","name":"Larbi MOATAZ","image":{"@type":"ImageObject","inLanguage":"fr-FR","@id":"https:\/\/secure.gravatar.com\/avatar\/95a1eb40c13a4a263835cf29a4193a6090d548c706544dd6a65357054861cfc4?s=96&d=mm&r=g","url":"https:\/\/secure.gravatar.com\/avatar\/95a1eb40c13a4a263835cf29a4193a6090d548c706544dd6a65357054861cfc4?s=96&d=mm&r=g","contentUrl":"https:\/\/secure.gravatar.com\/avatar\/95a1eb40c13a4a263835cf29a4193a6090d548c706544dd6a65357054861cfc4?s=96&d=mm&r=g","caption":"Larbi MOATAZ"},"url":"https:\/\/fer-et-pierre.com\/blog\/author\/clementferetpierre\/"}]}},"_links":{"self":[{"href":"https:\/\/fer-et-pierre.com\/blog\/wp-json\/wp\/v2\/posts\/1105","targetHints":{"allow":["GET"]}}],"collection":[{"href":"https:\/\/fer-et-pierre.com\/blog\/wp-json\/wp\/v2\/posts"}],"about":[{"href":"https:\/\/fer-et-pierre.com\/blog\/wp-json\/wp\/v2\/types\/post"}],"author":[{"embeddable":true,"href":"https:\/\/fer-et-pierre.com\/blog\/wp-json\/wp\/v2\/users\/2"}],"replies":[{"embeddable":true,"href":"https:\/\/fer-et-pierre.com\/blog\/wp-json\/wp\/v2\/comments?post=1105"}],"version-history":[{"count":62,"href":"https:\/\/fer-et-pierre.com\/blog\/wp-json\/wp\/v2\/posts\/1105\/revisions"}],"predecessor-version":[{"id":1197,"href":"https:\/\/fer-et-pierre.com\/blog\/wp-json\/wp\/v2\/posts\/1105\/revisions\/1197"}],"wp:featuredmedia":[{"embeddable":true,"href":"https:\/\/fer-et-pierre.com\/blog\/wp-json\/wp\/v2\/media\/1200"}],"wp:attachment":[{"href":"https:\/\/fer-et-pierre.com\/blog\/wp-json\/wp\/v2\/media?parent=1105"}],"wp:term":[{"taxonomy":"category","embeddable":true,"href":"https:\/\/fer-et-pierre.com\/blog\/wp-json\/wp\/v2\/categories?post=1105"},{"taxonomy":"post_tag","embeddable":true,"href":"https:\/\/fer-et-pierre.com\/blog\/wp-json\/wp\/v2\/tags?post=1105"}],"curies":[{"name":"wp","href":"https:\/\/api.w.org\/{rel}","templated":true}]}}